{"id":9639,"date":"2020-09-15T13:32:51","date_gmt":"2020-09-15T16:32:51","guid":{"rendered":"https:\/\/hostnetart.com.br\/baixada\/populacao-brasileira-e-contra-a-privatizacao-da-caixa-diz-pesquisa\/"},"modified":"2020-09-15T13:32:51","modified_gmt":"2020-09-15T16:32:51","slug":"populacao-brasileira-e-contra-a-privatizacao-da-caixa-diz-pesquisa","status":"publish","type":"post","link":"https:\/\/hostnetart.com.br\/baixada\/populacao-brasileira-e-contra-a-privatizacao-da-caixa-diz-pesquisa\/","title":{"rendered":"Popula\u00e7\u00e3o brasileira \u00e9 contra a privatiza\u00e7\u00e3o da Caixa, diz pesquisa"},"content":{"rendered":"<p>Pesquisa divulgada na quinta-feira (10), realizada pela Exame\/Ideia, projeto que une a Exame Research, bra\u00e7o de an\u00e1lise de investimentos da Revista Exame e o Instituto Ideia, especializado e opini\u00e3o p\u00fablica, constatou que a maioria da popula\u00e7\u00e3o brasileira (49%) \u00e9 contr\u00e1ria \u00e0 privatiza\u00e7\u00e3o da Caixa Econ\u00f4mica Federal. Enquanto 22% disseram ser a favor e 19% dos entrevistados ficaram neutros, 9% n\u00e3o souberam opinar a respeito.<\/p>\n<p>A pesquisa foi realizada com 1.235 pessoas, por telefone, em todas as regi\u00f5es do pa\u00eds, entre os dias 24 e 31 de agosto. Os entrevistados tamb\u00e9m foram ouvidos sobre as privatiza\u00e7\u00f5es da Petrobras e da Empresa de Correios e Tel\u00e9grafos (ECT). E mostraram, de um modo geral, serem contr\u00e1rios \u00e0s privatiza\u00e7\u00f5es. A exce\u00e7\u00e3o ficou com os Correios, cuja privatiza\u00e7\u00e3o teve uma posi\u00e7\u00e3o parecida entre os n\u00fameros de contr\u00e1rios e favor\u00e1veis.<\/p>\n<p>A privatiza\u00e7\u00e3o da Caixa Econ\u00f4mica voltou a ser tema de debate depois da publica\u00e7\u00e3o, pelo Governo Federal, da Medida Provis\u00f3ria (MP) 995, no in\u00edcio de agosto. O texto abre caminho para a privatiza\u00e7\u00e3o do banco, uma vez que autoriza as subsidi\u00e1rias da Caixa a constitu\u00edrem outras subsidi\u00e1rias (inclusive pela incorpora\u00e7\u00e3o de a\u00e7\u00f5es de sociedades empresariais privadas).<\/p>\n<p>A MP tem como uma das finalidades, de acordo com o seu artigo 2\u00ba, o \u201cdesinvestimento\u201d da Caixa e de suas subsidi\u00e1rias. A mat\u00e9ria est\u00e1 na C\u00e2mara dos Deputados e, a partir do pr\u00f3ximo dia 21, passar\u00e1 a tramitar em regime de urg\u00eancia. O texto j\u00e1 recebeu 412 emendas, tanto por parte de deputados como de senadores dos mais variados partidos, contr\u00e1rios ao seu conte\u00fado.<\/p>\n<h3>Enquete no Senado<\/h3>\n<p>Tamb\u00e9m enquete que est\u00e1 sendo realizada pelo portal do Senado na internet mostra grande rejei\u00e7\u00e3o a essa privatiza\u00e7\u00e3o. O portal aponta que at\u00e9 esta data, 19.403 pessoas votaram contra a MP, contra 619 votos favor\u00e1veis. A vis\u00e3o da maior parte dos que s\u00e3o ouvidos sobre o tema \u00e9 que a medida provis\u00f3ria desrespeita n\u00e3o apenas a Constitui\u00e7\u00e3o Federal, mas tamb\u00e9m o Congresso Nacional e o Supremo Tribunal Federal (STF).<\/p>\n<p>\u201cTrata-se, na verdade, de uma manobra clara do governo Bolsonaro para fatiar e depois vender a Caixa, que tem comprovado ser essencial no socorro \u00e0 popula\u00e7\u00e3o brasileira, especialmente, nesta crise sem precedentes provocada pela pandemia do coronav\u00edrus\u201d, avalia o secret\u00e1rio de Finan\u00e7as da Confedera\u00e7\u00e3o Nacional dos Trabalhadores do Ramo Financeiro (Contraf\/CUT) e presidente da Federa\u00e7\u00e3o Nacional das Associa\u00e7\u00f5es do Pessoal da Caixa Econ\u00f4mica Federal (Fenae), S\u00e9rgio Takemoto.<\/p>\n<p>Para o dirigente, a pr\u00f3pria decis\u00e3o do Executivo de tratar do assunto por meio de uma medida provis\u00f3ria \u201cevidencia a inten\u00e7\u00e3o do governo de vender o patrim\u00f4nio p\u00fablico sem passar pelos poderes Legislativo e Judici\u00e1rio\u201d. \u201cMPs t\u00eam efeito imediato e s\u00e3o instrumentos para casos de urg\u00eancia e relev\u00e2ncia\u201d, explicou ele.<\/p>\n<p>\u201cO governo escolheu justamente este instrumento para \u2018passar a boiada\u2019; criar e vender subsidi\u00e1rias da Caixa em atividades que podem ser fundamentais para o papel social do banco e essenciais para os brasileiros\u201d, acrescentou.<\/p>\n<p>De acordo com Takemoto, a MP \u00e9 uma estrat\u00e9gia do governo de burlar a necessidade de autoriza\u00e7\u00e3o legislativa para a privatiza\u00e7\u00e3o de estatais, conforme entendimento do STF, em rela\u00e7\u00e3o \u00e0s chamadas \u201cempresas-m\u00e3e\u201d, no julgamento da A\u00e7\u00e3o Direta de Inconstitucionalidade (ADI) 5.624.<\/p>\n<p>A ADI \u2014 movida pela Fenae e a Contraf\/CUT \u2014 questiona os processos de privatiza\u00e7\u00e3o e venda de empresas p\u00fablicas e suas subsidi\u00e1rias, a exemplo da Petrobras. O Congresso pediu ao Supremo que C\u00e2mara e Senado tornassem parte deste processo, mediante a alega\u00e7\u00e3o de que a Petrobras vem burlando decis\u00e3o do STF e transformando refinarias em nova subsidi\u00e1rias para poder vend\u00ea-las.<\/p>\n<h3>Outras estatais<\/h3>\n<p>A pesquisa Exame\/Ideia tamb\u00e9m apurou junto aos entrevistados posi\u00e7\u00f5es sobre a privatiza\u00e7\u00e3o de outras estatais. Em rela\u00e7\u00e3o \u00e0 Petrobras, por exemplo, o trabalho revelou que 41% dos ouvidos disseram ser contr\u00e1rios \u00e0 privatiza\u00e7\u00e3o e 28% a favor. Outros 20% disseram n\u00e3o ser nem a favor nem contra e 12% que n\u00e3o souberam responder.<\/p>\n<p>A pesquisa s\u00f3 n\u00e3o mostrou maior rejei\u00e7\u00e3o da popula\u00e7\u00e3o \u00e0 privatiza\u00e7\u00e3o quando o tema est\u00e1 relacionado \u00e0 ECT, mas mesmo assim, \u00e9 muito pr\u00f3ximo o percentual de pessoas favor\u00e1veis ao de contr\u00e1rias \u00e0 privatiza\u00e7\u00e3o.\u00a0 Neste caso, 40% dos entrevistados consideraram-se favor\u00e1veis, contra 37% s\u00e3o contr\u00e1rios. Outros 14% disseram ser neutros, enquanto 9% dos entrevistados n\u00e3o souberam responder.<\/p>\n<p><strong>Fonte: Fenae<\/strong><\/p>\n<p>\u00a0<\/p>\n","protected":false},"excerpt":{"rendered":"<p>Pesquisa divulgada na quinta-feira (10), realizada pela Exame\/Ideia, projeto que une a Exame Research, bra\u00e7o de an\u00e1lise de investimentos da Revista Exame e o Instituto Ideia, especializado e opini\u00e3o p\u00fablica, constatou que a maioria da popula\u00e7\u00e3o brasileira (49%) \u00e9 contr\u00e1ria \u00e0 privatiza\u00e7\u00e3o da Caixa Econ\u00f4mica Federal. Enquanto 22% disseram ser a favor e 19% dos [&hellip;]<\/p>\n","protected":false},"author":2,"featured_media":9638,"comment_status":"","ping_status":"","sticky":false,"template":"","format":"standard","meta":{"footnotes":""},"categories":[3],"tags":[],"class_list":["post-9639","post","type-post","status-publish","format-standard","has-post-thumbnail","hentry","category-noticias"],"_links":{"self":[{"href":"https:\/\/hostnetart.com.br\/baixada\/wp-json\/wp\/v2\/posts\/9639","targetHints":{"allow":["GET"]}}],"collection":[{"href":"https:\/\/hostnetart.com.br\/baixada\/wp-json\/wp\/v2\/posts"}],"about":[{"href":"https:\/\/hostnetart.com.br\/baixada\/wp-json\/wp\/v2\/types\/post"}],"author":[{"embeddable":true,"href":"https:\/\/hostnetart.com.br\/baixada\/wp-json\/wp\/v2\/users\/2"}],"replies":[{"embeddable":true,"href":"https:\/\/hostnetart.com.br\/baixada\/wp-json\/wp\/v2\/comments?post=9639"}],"version-history":[{"count":0,"href":"https:\/\/hostnetart.com.br\/baixada\/wp-json\/wp\/v2\/posts\/9639\/revisions"}],"wp:featuredmedia":[{"embeddable":true,"href":"https:\/\/hostnetart.com.br\/baixada\/wp-json\/wp\/v2\/media\/9638"}],"wp:attachment":[{"href":"https:\/\/hostnetart.com.br\/baixada\/wp-json\/wp\/v2\/media?parent=9639"}],"wp:term":[{"taxonomy":"category","embeddable":true,"href":"https:\/\/hostnetart.com.br\/baixada\/wp-json\/wp\/v2\/categories?post=9639"},{"taxonomy":"post_tag","embeddable":true,"href":"https:\/\/hostnetart.com.br\/baixada\/wp-json\/wp\/v2\/tags?post=9639"}],"curies":[{"name":"wp","href":"https:\/\/api.w.org\/{rel}","templated":true}]}}