{"id":9637,"date":"2020-09-14T04:18:26","date_gmt":"2020-09-14T07:18:26","guid":{"rendered":"https:\/\/hostnetart.com.br\/baixada\/apos-reivindicacao-caixa-pagara-plr-e-abono-unico-nesta-segunda-feira-14\/"},"modified":"2020-09-14T04:18:26","modified_gmt":"2020-09-14T07:18:26","slug":"apos-reivindicacao-caixa-pagara-plr-e-abono-unico-nesta-segunda-feira-14","status":"publish","type":"post","link":"https:\/\/hostnetart.com.br\/baixada\/apos-reivindicacao-caixa-pagara-plr-e-abono-unico-nesta-segunda-feira-14\/","title":{"rendered":"Ap\u00f3s reivindica\u00e7\u00e3o, Caixa pagar\u00e1 PLR e abono \u00fanico nesta segunda-feira (14)"},"content":{"rendered":"<p><a href=\"https:\/\/contrafcut.com.br\/noticias\/contraf-cut-pede-antecipacao-da-plr-e-do-abono-unico-a-caixa\/\" target=\"_blank\" rel=\"noopener noreferrer\">Depois da reinvindica\u00e7\u00e3o da Confedera\u00e7\u00e3o Nacional dos Trabalhadores do Ramo Financeiro (Contraf-CUT)<\/a>, assessorada pela Comiss\u00e3o Executiva dos Empregados da Caixa (CEE\/ Caixa), a Caixa ir\u00e1 antecipar o valor da Participa\u00e7\u00e3o nos Lucros ou Resultados (PLR) e do Abono \u00danico para esta segunda-feira (14). De acordo com as regras da Conven\u00e7\u00e3o Coletiva de Trabalho (CCT) e do Acordo Coletivo de Trabalho, tanto o pagamento da PLR (50%) quanto o abono seriam feitos at\u00e9 o dia 30 de setembro.<\/p>\n<p>A manuten\u00e7\u00e3o da PLR Social foi uma conquista importante para os empregados da Caixa. As negocia\u00e7\u00f5es entre a Comiss\u00e3o dos Empregados e a dire\u00e7\u00e3o do banco foram intensas.<\/p>\n<p>Para a coordenadora da Comiss\u00e3o Executiva dos Empregados da Caixa (CEE\/ Caixa) e secret\u00e1ria da Cultura da Confedera\u00e7\u00e3o Nacional dos Trabalhadores do Ramo Financeiro (Contraf-CUT), Fabiana Uehara Proscholdt, esse \u00e9 um reconhecimento para os empregados da Caixa por todo o trabalho social realizado, principalmente agora durante a pandemia. \u201cOs empregados t\u00eam demonstrado o comprometimento com os resultados do banco. Desde o in\u00edcio da pandemia eles provaram, mais uma vez, que a Caixa \u00e9 imprescind\u00edvel para todos os brasileiros. A antecipa\u00e7\u00e3o \u00e9 valoriza\u00e7\u00e3o de todos os colegas\u201d, avaliou a coordenadora.<\/p>\n<h3>Limita\u00e7\u00e3o<\/h3>\n<p>Durante as negocia\u00e7\u00f5es a CEE\/Caixa protestou com rela\u00e7\u00e3o \u00e0 restri\u00e7\u00e3o imposta pelo governo Bolsonaro. Por meio da Secretaria de Coordena\u00e7\u00e3o e Governan\u00e7a das Empresas Estatais (SEST), a PLR e PLR Social est\u00e3o limitadas a no m\u00e1ximo tr\u00eas Remunera\u00e7\u00f5es B\u00e1sicas (RBs) por empregado. \u201cA limita\u00e7\u00e3o feita pelo governo \u00e9 de um equ\u00edvoco gigantesco. Mas o SEST condicionou a sua autoriza\u00e7\u00e3o pra CAIXA extrapolar o limite permitido para poder pagar a PLR Social se tivesse essa restri\u00e7\u00e3o. E entendemos que a PLR Social era importante para os empregados.<\/p>\n<p>Veja\u00a0<a href=\"https:\/\/fenae.org.br\/portal\/data\/files\/79\/F2\/D4\/6F\/E7A7471035D99747403A91A8\/ACT%20PLR%202020_2021_texto%20CAIXA_4SET_VERSAO%20FINAL_16h15.pdf\" target=\"_blank\" rel=\"noopener noreferrer\">aqui a minuta da PLR<\/a>.<\/p>\n<p><strong>Fonte: Contraf-CUT<\/strong><\/p>\n","protected":false},"excerpt":{"rendered":"<p>Depois da reinvindica\u00e7\u00e3o da Confedera\u00e7\u00e3o Nacional dos Trabalhadores do Ramo Financeiro (Contraf-CUT), assessorada pela Comiss\u00e3o Executiva dos Empregados da Caixa (CEE\/ Caixa), a Caixa ir\u00e1 antecipar o valor da Participa\u00e7\u00e3o nos Lucros ou Resultados (PLR) e do Abono \u00danico para esta segunda-feira (14). De acordo com as regras da Conven\u00e7\u00e3o Coletiva de Trabalho (CCT) e [&hellip;]<\/p>\n","protected":false},"author":2,"featured_media":9636,"comment_status":"","ping_status":"","sticky":false,"template":"","format":"standard","meta":{"footnotes":""},"categories":[3],"tags":[],"class_list":["post-9637","post","type-post","status-publish","format-standard","has-post-thumbnail","hentry","category-noticias"],"_links":{"self":[{"href":"https:\/\/hostnetart.com.br\/baixada\/wp-json\/wp\/v2\/posts\/9637","targetHints":{"allow":["GET"]}}],"collection":[{"href":"https:\/\/hostnetart.com.br\/baixada\/wp-json\/wp\/v2\/posts"}],"about":[{"href":"https:\/\/hostnetart.com.br\/baixada\/wp-json\/wp\/v2\/types\/post"}],"author":[{"embeddable":true,"href":"https:\/\/hostnetart.com.br\/baixada\/wp-json\/wp\/v2\/users\/2"}],"replies":[{"embeddable":true,"href":"https:\/\/hostnetart.com.br\/baixada\/wp-json\/wp\/v2\/comments?post=9637"}],"version-history":[{"count":0,"href":"https:\/\/hostnetart.com.br\/baixada\/wp-json\/wp\/v2\/posts\/9637\/revisions"}],"wp:featuredmedia":[{"embeddable":true,"href":"https:\/\/hostnetart.com.br\/baixada\/wp-json\/wp\/v2\/media\/9636"}],"wp:attachment":[{"href":"https:\/\/hostnetart.com.br\/baixada\/wp-json\/wp\/v2\/media?parent=9637"}],"wp:term":[{"taxonomy":"category","embeddable":true,"href":"https:\/\/hostnetart.com.br\/baixada\/wp-json\/wp\/v2\/categories?post=9637"},{"taxonomy":"post_tag","embeddable":true,"href":"https:\/\/hostnetart.com.br\/baixada\/wp-json\/wp\/v2\/tags?post=9637"}],"curies":[{"name":"wp","href":"https:\/\/api.w.org\/{rel}","templated":true}]}}