{"id":9633,"date":"2020-09-11T13:40:43","date_gmt":"2020-09-11T16:40:43","guid":{"rendered":"https:\/\/hostnetart.com.br\/baixada\/banco-do-brasil-paga-plr-nesta-sexta-feira-11\/"},"modified":"2020-09-11T13:40:43","modified_gmt":"2020-09-11T16:40:43","slug":"banco-do-brasil-paga-plr-nesta-sexta-feira-11","status":"publish","type":"post","link":"https:\/\/hostnetart.com.br\/baixada\/banco-do-brasil-paga-plr-nesta-sexta-feira-11\/","title":{"rendered":"Banco do Brasil paga PLR nesta sexta-feira (11)"},"content":{"rendered":"<p>O Banco do Brasil vai pagar nesta sexta-feira (11) a Participa\u00e7\u00e3o nos Lucros e\/ou Resultados referente ao primeiro semestre de 2020. Os valores totais por cargo s\u00e3o de R$ 4.845,65 para escritur\u00e1rios e R$ 5.471,08 para caixa executivo.<\/p>\n<p>O banco poderia efetuar o pagamento em at\u00e9 10 dias \u00fateis ap\u00f3s a assinatura do acordo, mas paga nesta sexta-feira em atendimento ao\u00a0<a href=\"https:\/\/contrafcut.com.br\/noticias\/contraf-cut-pede-antecipacao-da-plr-ao-bb\" target=\"_blank\" rel=\"noopener noreferrer\">pedido da Contraf-CUT<\/a>. Tamb\u00e9m a pedido da Contraf-CUT, os valores tamb\u00e9m ser\u00e3o pagos aos banc\u00e1rios das bases de Bauru (SP), Maranh\u00e3o e Rio Grande do Norte, que tinham sido impedidos pelos bancos de assinarem a CCT e o ACT dos funcion\u00e1rios do BB.<\/p>\n<h3><strong>Regras da PLR do BB<\/strong><\/h3>\n<p>A PLR do banco \u00e9 composta pelo m\u00f3dulo Fenaban e pelo m\u00f3dulo BB.<\/p>\n<p>Pelo m\u00f3dulo Fenaban, o funcion\u00e1rio recebe 45% do sal\u00e1rio paradigma definido no acordo, acrescido de parcela fixa a ser definida pelo banco, para cada semestre.<\/p>\n<p>O m\u00f3dulo BB constitui-se de uma parcela constitu\u00edda pela divis\u00e3o entre os funcion\u00e1rios de 4% do lucro l\u00edquido verificado no semestre, mais uma parcela que varia conforme cumprimento do Acordo de Trabalho (ATB) ou Conex\u00e3o.<\/p>\n<p>Na campanha deste ano, o banco tentou reduzir o percentual a ser distribu\u00eddo linearmente entre os funcion\u00e1rios do m\u00f3dulo BB para 2%, mas a representa\u00e7\u00e3o dos funcion\u00e1rios conseguiu impedir.<\/p>\n<p>\u201cIsso reduziria em 47% o valor a ser pago aos funcion\u00e1rios referente \u00e0 parcela espec\u00edfica. Somente conseguimos impedir a redu\u00e7\u00e3o ap\u00f3s muita negocia\u00e7\u00e3o\u201d, disse o coordenador da Comiss\u00e3o de Empresa dos Funcion\u00e1rios do Banco do Brasil (CEBB), Jo\u00e3o Fukunaga.<\/p>\n<h3><strong>Veja abaixo a tabela<\/strong><\/h3>\n<div class=\"wp-block-image\">\n<figure class=\"aligncenter size-large\"><img fetchpriority=\"high\" decoding=\"async\" class=\"wp-image-283679\" src=\"https:\/\/contrafcut.com.br\/wp-content\/uploads\/2020\/09\/tabela-plr-bb-1sem2020x2.jpg\" sizes=\"(max-width: 623px) 100vw, 623px\" srcset=\"https:\/\/contrafcut.com.br\/wp-content\/uploads\/2020\/09\/tabela-plr-bb-1sem2020x2.jpg 623w, https:\/\/contrafcut.com.br\/wp-content\/uploads\/2020\/09\/tabela-plr-bb-1sem2020x2-410x143.jpg 410w\" alt=\"\" width=\"623\" height=\"217\" \/><\/figure>\n<\/div>\n<h3><strong>Abono e diferen\u00e7a dos t\u00edquetes<\/strong><\/h3>\n<p>O banco tamb\u00e9m informou \u00e0 Contraf-CUT que efetuar\u00e1 o pagamento do abono de R$ 2.000,00 previsto na Conven\u00e7\u00e3o Coletiva de Trabalho (CCT) no dia 20 de setembro, juntamente com o pagamento do sal\u00e1rio, j\u00e1 com a corre\u00e7\u00e3o de 1,5%. \u00c9 importante lembrar que sobre o abono incide Imposto de Renda.<\/p>\n<p>J\u00e1 a diferen\u00e7a dos t\u00edquetes ser\u00e1 creditada no dia 30.<\/p>\n<p><strong>Fonte: Contraf-CUT<\/strong><\/p>\n","protected":false},"excerpt":{"rendered":"<p>O Banco do Brasil vai pagar nesta sexta-feira (11) a Participa\u00e7\u00e3o nos Lucros e\/ou Resultados referente ao primeiro semestre de 2020. Os valores totais por cargo s\u00e3o de R$ 4.845,65 para escritur\u00e1rios e R$ 5.471,08 para caixa executivo. O banco poderia efetuar o pagamento em at\u00e9 10 dias \u00fateis ap\u00f3s a assinatura do acordo, mas [&hellip;]<\/p>\n","protected":false},"author":2,"featured_media":9632,"comment_status":"","ping_status":"","sticky":false,"template":"","format":"standard","meta":{"footnotes":""},"categories":[3],"tags":[],"class_list":["post-9633","post","type-post","status-publish","format-standard","has-post-thumbnail","hentry","category-noticias"],"_links":{"self":[{"href":"https:\/\/hostnetart.com.br\/baixada\/wp-json\/wp\/v2\/posts\/9633","targetHints":{"allow":["GET"]}}],"collection":[{"href":"https:\/\/hostnetart.com.br\/baixada\/wp-json\/wp\/v2\/posts"}],"about":[{"href":"https:\/\/hostnetart.com.br\/baixada\/wp-json\/wp\/v2\/types\/post"}],"author":[{"embeddable":true,"href":"https:\/\/hostnetart.com.br\/baixada\/wp-json\/wp\/v2\/users\/2"}],"replies":[{"embeddable":true,"href":"https:\/\/hostnetart.com.br\/baixada\/wp-json\/wp\/v2\/comments?post=9633"}],"version-history":[{"count":0,"href":"https:\/\/hostnetart.com.br\/baixada\/wp-json\/wp\/v2\/posts\/9633\/revisions"}],"wp:featuredmedia":[{"embeddable":true,"href":"https:\/\/hostnetart.com.br\/baixada\/wp-json\/wp\/v2\/media\/9632"}],"wp:attachment":[{"href":"https:\/\/hostnetart.com.br\/baixada\/wp-json\/wp\/v2\/media?parent=9633"}],"wp:term":[{"taxonomy":"category","embeddable":true,"href":"https:\/\/hostnetart.com.br\/baixada\/wp-json\/wp\/v2\/categories?post=9633"},{"taxonomy":"post_tag","embeddable":true,"href":"https:\/\/hostnetart.com.br\/baixada\/wp-json\/wp\/v2\/tags?post=9633"}],"curies":[{"name":"wp","href":"https:\/\/api.w.org\/{rel}","templated":true}]}}