{"id":9631,"date":"2020-09-11T13:38:11","date_gmt":"2020-09-11T16:38:11","guid":{"rendered":"https:\/\/hostnetart.com.br\/baixada\/funcionarios-cobram-disposicao-do-bndes-para-o-acordo\/"},"modified":"2020-09-11T13:38:11","modified_gmt":"2020-09-11T16:38:11","slug":"funcionarios-cobram-disposicao-do-bndes-para-o-acordo","status":"publish","type":"post","link":"https:\/\/hostnetart.com.br\/baixada\/funcionarios-cobram-disposicao-do-bndes-para-o-acordo\/","title":{"rendered":"Funcion\u00e1rios cobram disposi\u00e7\u00e3o do BNDES para o acordo"},"content":{"rendered":"<p>Ap\u00f3s a recusa da proposta do banco em assembleia realizada no dia 1\u00ba de setembro e a prorroga\u00e7\u00e3o, pelo Tribunal Superior do Trabalho (TST), por 30 dias, da vig\u00eancia do Acordo Coletivo de Trabalho (ACT), as negocia\u00e7\u00f5es entre a comiss\u00e3o de negocia\u00e7\u00f5es dos funcion\u00e1rios do Banco Nacional de Desenvolvimento Econ\u00f4mico e Social (BNDES) foram retomadas nesta quarta-feira (9).<\/p>\n<p>A representa\u00e7\u00e3o dos trabalhadores tornou p\u00fablico um documento que explica o hist\u00f3rico e a import\u00e2ncia para o funcionalismo de cada uma das cl\u00e1usulas do acordo.<\/p>\n<p>\u201cNossa inten\u00e7\u00e3o foi a de mostrar que o ACT \u00e9 uma constru\u00e7\u00e3o de d\u00e9cadas e que cada uma de suas cl\u00e1usulas somente foi inserida no documento depois de longo debate e a concord\u00e2ncia de ambas as partes de sua import\u00e2ncia\u201d, explicou o vice-presidente e representante da Confedera\u00e7\u00e3o Nacional dos Trabalhadores do Ramo Financeiro (Contraf-CUT), Vin\u00edcius de Assump\u00e7\u00e3o.<\/p>\n<h3>Solu\u00e7\u00e3o negociada<\/h3>\n<p>O vice-presidente da Contraf-CUT tamb\u00e9m destacou a import\u00e2ncia da solu\u00e7\u00e3o por meio da negocia\u00e7\u00e3o. \u201cValorizamos muito a mesa de negocia\u00e7\u00f5es. Acreditamos na necessidade de fazermos um esfor\u00e7o final para acharmos uma sa\u00edda em mesa de negocia\u00e7\u00f5es, para evitarmos a judicializa\u00e7\u00e3o do processo, que seria ruim para ambas as partes\u201d, disse.<\/p>\n<p>A representa\u00e7\u00e3o dos trabalhadores, por\u00e9m, destacou alguns pontos que s\u00e3o fundamentais para a solu\u00e7\u00e3o negociada.<\/p>\n<p>Um destes pontos \u00e9 a cl\u00e1usula 13 do antigo ACT, que trata da estabilidade de emprego. \u201cEla protege n\u00e3o apenas o funcionalismo, mas o Estado. Permite que o trabalhador atue de forma independente e sem press\u00f5es pol\u00edticas, que podem desvirtuar o objetivo do banco\u201d, explicou Vin\u00edcius.<\/p>\n<h3>Outros pontos<\/h3>\n<p>Outros pontos s\u00e3o a manuten\u00e7\u00e3o do plano de sa\u00fade e da da Funda\u00e7\u00e3o de Assist\u00eancia e Previd\u00eancia Social do BNDES (Fapes), al\u00e9m das cl\u00e1usulas que tratam da organiza\u00e7\u00e3o dos trabalhadores e sua representa\u00e7\u00e3o sindical.<\/p>\n<p>\u201c\u00c9 preciso que os funcion\u00e1rios tenham autonomia de organiza\u00e7\u00e3o e atua\u00e7\u00e3o sindical e associativa. Proibir essa atua\u00e7\u00e3o, ou inibir sua organiza\u00e7\u00e3o \u00e9 reviver o per\u00edodo da ditadura. \u00c9 buscar impedir que os trabalhadores se organizem para se defender dos ataques aos seus direitos\u201d, disse o vice-presidente da Contraf-CUT, ressaltado a import\u00e2ncia das associa\u00e7\u00f5es de funcion\u00e1rios e dos sindicatos e demais entidades de representa\u00e7\u00e3o sindical.<\/p>\n<h3>Em busca do acordo<\/h3>\n<p>\u201cO processo negocial n\u00e3o pode ser levado pelo \u00f3dio e rancor. Esperamos que a diretoria do banco abandone essa vis\u00e3o m\u00edope e mostre que est\u00e1 disposta a resolver os impasses em mesa negocial\u201d, disse Vin\u00edcius ressaltando que \u201co processo come\u00e7ou todo torto\u201d, com o banco querendo interferir a representa\u00e7\u00e3o dos trabalhadores na mesa de negocia\u00e7\u00f5es e, depois, ao apresentar a proposta com tempo insuficiente para o debate.<\/p>\n<p>\u201cA dire\u00e7\u00e3o se engana ao pensar que vai dirigir o banco na base do chicote. \u00c9 preciso que haja di\u00e1logo com o corpo funcional\u201d, criticou o dirigente da Contraf-CUT. \u201cN\u00f3s valorizamos as negocia\u00e7\u00f5es e queremos o di\u00e1logo. A responsabilidade pela solu\u00e7\u00e3o \u00e9 toda do Montezano e de seus representantes\u201d, concluiu.<\/p>\n<p><strong>Fonte: Contraf-CUT<\/strong><\/p>\n","protected":false},"excerpt":{"rendered":"<p>Ap\u00f3s a recusa da proposta do banco em assembleia realizada no dia 1\u00ba de setembro e a prorroga\u00e7\u00e3o, pelo Tribunal Superior do Trabalho (TST), por 30 dias, da vig\u00eancia do Acordo Coletivo de Trabalho (ACT), as negocia\u00e7\u00f5es entre a comiss\u00e3o de negocia\u00e7\u00f5es dos funcion\u00e1rios do Banco Nacional de Desenvolvimento Econ\u00f4mico e Social (BNDES) foram retomadas [&hellip;]<\/p>\n","protected":false},"author":2,"featured_media":9630,"comment_status":"","ping_status":"","sticky":false,"template":"","format":"standard","meta":{"footnotes":""},"categories":[3],"tags":[],"class_list":["post-9631","post","type-post","status-publish","format-standard","has-post-thumbnail","hentry","category-noticias"],"_links":{"self":[{"href":"https:\/\/hostnetart.com.br\/baixada\/wp-json\/wp\/v2\/posts\/9631","targetHints":{"allow":["GET"]}}],"collection":[{"href":"https:\/\/hostnetart.com.br\/baixada\/wp-json\/wp\/v2\/posts"}],"about":[{"href":"https:\/\/hostnetart.com.br\/baixada\/wp-json\/wp\/v2\/types\/post"}],"author":[{"embeddable":true,"href":"https:\/\/hostnetart.com.br\/baixada\/wp-json\/wp\/v2\/users\/2"}],"replies":[{"embeddable":true,"href":"https:\/\/hostnetart.com.br\/baixada\/wp-json\/wp\/v2\/comments?post=9631"}],"version-history":[{"count":0,"href":"https:\/\/hostnetart.com.br\/baixada\/wp-json\/wp\/v2\/posts\/9631\/revisions"}],"wp:featuredmedia":[{"embeddable":true,"href":"https:\/\/hostnetart.com.br\/baixada\/wp-json\/wp\/v2\/media\/9630"}],"wp:attachment":[{"href":"https:\/\/hostnetart.com.br\/baixada\/wp-json\/wp\/v2\/media?parent=9631"}],"wp:term":[{"taxonomy":"category","embeddable":true,"href":"https:\/\/hostnetart.com.br\/baixada\/wp-json\/wp\/v2\/categories?post=9631"},{"taxonomy":"post_tag","embeddable":true,"href":"https:\/\/hostnetart.com.br\/baixada\/wp-json\/wp\/v2\/tags?post=9631"}],"curies":[{"name":"wp","href":"https:\/\/api.w.org\/{rel}","templated":true}]}}