{"id":9627,"date":"2020-09-10T22:38:07","date_gmt":"2020-09-11T01:38:07","guid":{"rendered":"https:\/\/hostnetart.com.br\/baixada\/bancarios-do-itau-recebem-plr-e-pcr-dia-21-e-abono-dia-25\/"},"modified":"2020-09-10T22:38:07","modified_gmt":"2020-09-11T01:38:07","slug":"bancarios-do-itau-recebem-plr-e-pcr-dia-21-e-abono-dia-25","status":"publish","type":"post","link":"https:\/\/hostnetart.com.br\/baixada\/bancarios-do-itau-recebem-plr-e-pcr-dia-21-e-abono-dia-25\/","title":{"rendered":"Banc\u00e1rios do Ita\u00fa recebem PLR e PCR dia 21 e Abono dia 25"},"content":{"rendered":"<p>Os banc\u00e1rios do Ita\u00fa receber\u00e3o o pagamento do<a href=\"https:\/\/contrafcut.com.br\/noticias\/bancarios-do-itau-recebem-pcr-no-mesmo-dia-da-plr\/?swcfpc=1\" target=\"_blank\" rel=\"noopener noreferrer\">\u00a0Programa Complementar de Resultados (PCR) e da Participa\u00e7\u00e3o nos Lucros e\/ou Resultados (PLR)<\/a>\u00a0no pr\u00f3ximo dia 21 e o abono salarial no dia 25. O an\u00fancio foi feito em reuni\u00e3o realizada na tarde desta quinta-feira (10), ap\u00f3s cobran\u00e7a da Confedera\u00e7\u00e3o Nacional dos Trabalhadores Ramo Financeiro (Contraf-CUT).<\/p>\n<p>Jair Alves, coordenador da Comiss\u00e3o de Organiza\u00e7\u00e3o dos Empregados (COE) do Ita\u00fa, afirma que todos esses valores s\u00e3o conquistas dos trabalhadores que devem ser comemoradas. \u201cNenhum desses \u2018benef\u00edcios\u2019 foi dado de m\u00e3o beijada, n\u00f3s os garantimos com muita luta. Por isso, temos de valorizar muito.\u201d<\/p>\n<p>Os banc\u00e1rios que quiserem calcular o que receber\u00e3o de PLR este m\u00eas, podem acessar este simulador:\u00a0<a href=\"https:\/\/spbancarios.com.br\/plr?fbclid=IwAR0RKcnIHAkgkaWkv8lmL2Hdl_Gh76dsSF8RdS41mMxc4OwdpW1nmWv9DBw\" target=\"_blank\" rel=\"nofollow noopener noreferrer\" data-lynx-mode=\"asynclazy\" data-lynx-uri=\"https:\/\/l.facebook.com\/l.php?u=https%3A%2F%2Fspbancarios.com.br%2Fplr%3Ffbclid%3DIwAR0RKcnIHAkgkaWkv8lmL2Hdl_Gh76dsSF8RdS41mMxc4OwdpW1nmWv9DBw&amp;h=AT0eeAqvbgnC00Wrfupmjy6ufO265rUgDLgohUZJKiNFBCW95wT7laQDrgJ6FXhsU0vcdjEi8fqZQLgxdsxBTcP-wcWv6bYBKEnyRYI4acA_skYWz501fPACOIg-WF6y8KvYPdPEhhWmpBdwMMYV2A\">https:\/\/<wbr \/>spbancarios.com.br\/plr<\/a><\/p>\n<p><strong>Fonte: Contraf-CUT<\/strong><\/p>\n","protected":false},"excerpt":{"rendered":"<p>Os banc\u00e1rios do Ita\u00fa receber\u00e3o o pagamento do\u00a0Programa Complementar de Resultados (PCR) e da Participa\u00e7\u00e3o nos Lucros e\/ou Resultados (PLR)\u00a0no pr\u00f3ximo dia 21 e o abono salarial no dia 25. O an\u00fancio foi feito em reuni\u00e3o realizada na tarde desta quinta-feira (10), ap\u00f3s cobran\u00e7a da Confedera\u00e7\u00e3o Nacional dos Trabalhadores Ramo Financeiro (Contraf-CUT). Jair Alves, coordenador [&hellip;]<\/p>\n","protected":false},"author":2,"featured_media":9626,"comment_status":"","ping_status":"","sticky":false,"template":"","format":"standard","meta":{"footnotes":""},"categories":[3],"tags":[],"class_list":["post-9627","post","type-post","status-publish","format-standard","has-post-thumbnail","hentry","category-noticias"],"_links":{"self":[{"href":"https:\/\/hostnetart.com.br\/baixada\/wp-json\/wp\/v2\/posts\/9627","targetHints":{"allow":["GET"]}}],"collection":[{"href":"https:\/\/hostnetart.com.br\/baixada\/wp-json\/wp\/v2\/posts"}],"about":[{"href":"https:\/\/hostnetart.com.br\/baixada\/wp-json\/wp\/v2\/types\/post"}],"author":[{"embeddable":true,"href":"https:\/\/hostnetart.com.br\/baixada\/wp-json\/wp\/v2\/users\/2"}],"replies":[{"embeddable":true,"href":"https:\/\/hostnetart.com.br\/baixada\/wp-json\/wp\/v2\/comments?post=9627"}],"version-history":[{"count":0,"href":"https:\/\/hostnetart.com.br\/baixada\/wp-json\/wp\/v2\/posts\/9627\/revisions"}],"wp:featuredmedia":[{"embeddable":true,"href":"https:\/\/hostnetart.com.br\/baixada\/wp-json\/wp\/v2\/media\/9626"}],"wp:attachment":[{"href":"https:\/\/hostnetart.com.br\/baixada\/wp-json\/wp\/v2\/media?parent=9627"}],"wp:term":[{"taxonomy":"category","embeddable":true,"href":"https:\/\/hostnetart.com.br\/baixada\/wp-json\/wp\/v2\/categories?post=9627"},{"taxonomy":"post_tag","embeddable":true,"href":"https:\/\/hostnetart.com.br\/baixada\/wp-json\/wp\/v2\/tags?post=9627"}],"curies":[{"name":"wp","href":"https:\/\/api.w.org\/{rel}","templated":true}]}}