{"id":9617,"date":"2020-09-10T13:57:39","date_gmt":"2020-09-10T16:57:39","guid":{"rendered":"https:\/\/hostnetart.com.br\/baixada\/contraf-cut-pede-agilidade-na-inclusao-dos-novos-empregados-no-saude-caixa\/"},"modified":"2020-09-10T13:57:39","modified_gmt":"2020-09-10T16:57:39","slug":"contraf-cut-pede-agilidade-na-inclusao-dos-novos-empregados-no-saude-caixa","status":"publish","type":"post","link":"https:\/\/hostnetart.com.br\/baixada\/contraf-cut-pede-agilidade-na-inclusao-dos-novos-empregados-no-saude-caixa\/","title":{"rendered":"Contraf-CUT pede agilidade na inclus\u00e3o dos novos empregados no Sa\u00fade Caixa"},"content":{"rendered":"<p>A Confedera\u00e7\u00e3o Nacional dos Trabalhadores do Ramo Financeiro (Contraf-CUT) encaminhou, nesta quarta-feira (9), um\u00a0<a href=\"https:\/\/contrafcut.com.br\/wp-content\/uploads\/2020\/09\/of-15620-cef-solicitacao-de-inclusao-de-empregados-pos-2018-no-saude-caixa.pdf\" target=\"_blank\" rel=\"noopener noreferrer\">of\u00edcio\u00a0<\/a>\u00e0 Caixa Econ\u00f4mica Federal para solicitar agilidade no processamento de inclus\u00f5es dos empregados contratados ap\u00f3s 31 de agosto de 2018 no Sa\u00fade Caixa.<\/p>\n<p>A extens\u00e3o das mesmas possibilidades de servi\u00e7os e de atendimento, assim como a participa\u00e7\u00e3o no custeio \u2013 o que unificar\u00e1 toda a base nacional de empregados da Caixa \u2013, foi uma das principais conquistas das negocia\u00e7\u00f5es referentes \u00e0 renova\u00e7\u00e3o do Acordo Coletivo de Trabalho (ACT) da Caixa.<\/p>\n<p>\u201cA mobiliza\u00e7\u00e3o dos empregados assegurou no ACT garantias fundamentais aos usu\u00e1rios do Sa\u00fade Caixa, como a manuten\u00e7\u00e3o da propor\u00e7\u00e3o 70\/30 no custeio e o car\u00e1ter solid\u00e1rio do plano, al\u00e9m restabelecer a participa\u00e7\u00e3o dos novos empregados. Agora, queremos que esta conquista t\u00e3o importante seja efetivada\u201d, disse Fabiana Uehara Proscholdt, coordenadora da Comiss\u00e3o Executiva dos Empregados (CEE\/ Caixa) e secret\u00e1ria de Cultura da Confedera\u00e7\u00e3o Nacional dos Trabalhadores do Ramo Financeiro (Contraf-CUT).<\/p>\n<p><strong>Fonte: Contraf-CUT<\/strong><\/p>\n","protected":false},"excerpt":{"rendered":"<p>A Confedera\u00e7\u00e3o Nacional dos Trabalhadores do Ramo Financeiro (Contraf-CUT) encaminhou, nesta quarta-feira (9), um\u00a0of\u00edcio\u00a0\u00e0 Caixa Econ\u00f4mica Federal para solicitar agilidade no processamento de inclus\u00f5es dos empregados contratados ap\u00f3s 31 de agosto de 2018 no Sa\u00fade Caixa. A extens\u00e3o das mesmas possibilidades de servi\u00e7os e de atendimento, assim como a participa\u00e7\u00e3o no custeio \u2013 o que [&hellip;]<\/p>\n","protected":false},"author":2,"featured_media":9616,"comment_status":"","ping_status":"","sticky":false,"template":"","format":"standard","meta":{"footnotes":""},"categories":[3],"tags":[],"class_list":["post-9617","post","type-post","status-publish","format-standard","has-post-thumbnail","hentry","category-noticias"],"_links":{"self":[{"href":"https:\/\/hostnetart.com.br\/baixada\/wp-json\/wp\/v2\/posts\/9617","targetHints":{"allow":["GET"]}}],"collection":[{"href":"https:\/\/hostnetart.com.br\/baixada\/wp-json\/wp\/v2\/posts"}],"about":[{"href":"https:\/\/hostnetart.com.br\/baixada\/wp-json\/wp\/v2\/types\/post"}],"author":[{"embeddable":true,"href":"https:\/\/hostnetart.com.br\/baixada\/wp-json\/wp\/v2\/users\/2"}],"replies":[{"embeddable":true,"href":"https:\/\/hostnetart.com.br\/baixada\/wp-json\/wp\/v2\/comments?post=9617"}],"version-history":[{"count":0,"href":"https:\/\/hostnetart.com.br\/baixada\/wp-json\/wp\/v2\/posts\/9617\/revisions"}],"wp:featuredmedia":[{"embeddable":true,"href":"https:\/\/hostnetart.com.br\/baixada\/wp-json\/wp\/v2\/media\/9616"}],"wp:attachment":[{"href":"https:\/\/hostnetart.com.br\/baixada\/wp-json\/wp\/v2\/media?parent=9617"}],"wp:term":[{"taxonomy":"category","embeddable":true,"href":"https:\/\/hostnetart.com.br\/baixada\/wp-json\/wp\/v2\/categories?post=9617"},{"taxonomy":"post_tag","embeddable":true,"href":"https:\/\/hostnetart.com.br\/baixada\/wp-json\/wp\/v2\/tags?post=9617"}],"curies":[{"name":"wp","href":"https:\/\/api.w.org\/{rel}","templated":true}]}}