{"id":9615,"date":"2020-09-10T13:47:14","date_gmt":"2020-09-10T16:47:14","guid":{"rendered":"https:\/\/hostnetart.com.br\/baixada\/contraf-cut-pede-antecipacao-da-plr-e-do-abono-unico-a-caixa\/"},"modified":"2020-09-10T13:47:14","modified_gmt":"2020-09-10T16:47:14","slug":"contraf-cut-pede-antecipacao-da-plr-e-do-abono-unico-a-caixa","status":"publish","type":"post","link":"https:\/\/hostnetart.com.br\/baixada\/contraf-cut-pede-antecipacao-da-plr-e-do-abono-unico-a-caixa\/","title":{"rendered":"Contraf-CUT pede antecipa\u00e7\u00e3o da PLR e do abono \u00fanico \u00e0 Caixa"},"content":{"rendered":"<p>A Confedera\u00e7\u00e3o Nacional dos Trabalhadores do Ramo Financeiro (Contraf-CUT) encaminhou, nesta quarta-feira (9), um\u00a0<a href=\"https:\/\/contrafcut.com.br\/wp-content\/uploads\/2020\/09\/of-15520-cef-solicitacao-de-antecipacao-do-pagamento-da-primeira-parcela-da-plr-2020-e-do-abono-unico.pdf\" target=\"_blank\" rel=\"noopener noreferrer\">of\u00edcio<\/a>\u00a0\u00e0 Caixa Econ\u00f4mica Federal solicitando a antecipa\u00e7\u00e3o da parcela da Participa\u00e7\u00e3o nos Lucros e\/ou Resultados (PLR) e do pagamento do Abono \u00danico, previsto na cl\u00e1usula 61 do ACT Caixa.<\/p>\n<p>Pelas regras definidas na Conven\u00e7\u00e3o Coletiva de Trabalho (CCT) e no Acordo Coletivo de Trabalho, o banco tem at\u00e9 30 de setembro para efetuar o pagamento aos empregados. O acordo foi assinado na \u00faltima sexta-feira (4).<\/p>\n<p>\u201cEssa antecipa\u00e7\u00e3o seria uma forma de valorizar o trabalho de todos os colegas. Mas, de fato, o que a Caixa precisa \u00e9 dar condi\u00e7\u00f5es dignas de trabalho pra quem est\u00e1 nas ag\u00eancias. Temos poucos empregados e a jornada \u00e9 estafante, fora o risco de contrair o v\u00edrus ou de contaminar um familiar\u201d, afirmou Fabiana Uehara Proscholdt, coordenadora da Comiss\u00e3o Executiva dos Empregados (CEE\/Caixa) e secret\u00e1ria de Cultura da Confedera\u00e7\u00e3o Nacional dos Trabalhadores do Ramo Financeiro (Contraf-CUT).<\/p>\n<p><strong>Fonte: Contraf-CUT<\/strong><\/p>\n","protected":false},"excerpt":{"rendered":"<p>A Confedera\u00e7\u00e3o Nacional dos Trabalhadores do Ramo Financeiro (Contraf-CUT) encaminhou, nesta quarta-feira (9), um\u00a0of\u00edcio\u00a0\u00e0 Caixa Econ\u00f4mica Federal solicitando a antecipa\u00e7\u00e3o da parcela da Participa\u00e7\u00e3o nos Lucros e\/ou Resultados (PLR) e do pagamento do Abono \u00danico, previsto na cl\u00e1usula 61 do ACT Caixa. Pelas regras definidas na Conven\u00e7\u00e3o Coletiva de Trabalho (CCT) e no Acordo Coletivo [&hellip;]<\/p>\n","protected":false},"author":2,"featured_media":9614,"comment_status":"","ping_status":"","sticky":false,"template":"","format":"standard","meta":{"footnotes":""},"categories":[3],"tags":[],"class_list":["post-9615","post","type-post","status-publish","format-standard","has-post-thumbnail","hentry","category-noticias"],"_links":{"self":[{"href":"https:\/\/hostnetart.com.br\/baixada\/wp-json\/wp\/v2\/posts\/9615","targetHints":{"allow":["GET"]}}],"collection":[{"href":"https:\/\/hostnetart.com.br\/baixada\/wp-json\/wp\/v2\/posts"}],"about":[{"href":"https:\/\/hostnetart.com.br\/baixada\/wp-json\/wp\/v2\/types\/post"}],"author":[{"embeddable":true,"href":"https:\/\/hostnetart.com.br\/baixada\/wp-json\/wp\/v2\/users\/2"}],"replies":[{"embeddable":true,"href":"https:\/\/hostnetart.com.br\/baixada\/wp-json\/wp\/v2\/comments?post=9615"}],"version-history":[{"count":0,"href":"https:\/\/hostnetart.com.br\/baixada\/wp-json\/wp\/v2\/posts\/9615\/revisions"}],"wp:featuredmedia":[{"embeddable":true,"href":"https:\/\/hostnetart.com.br\/baixada\/wp-json\/wp\/v2\/media\/9614"}],"wp:attachment":[{"href":"https:\/\/hostnetart.com.br\/baixada\/wp-json\/wp\/v2\/media?parent=9615"}],"wp:term":[{"taxonomy":"category","embeddable":true,"href":"https:\/\/hostnetart.com.br\/baixada\/wp-json\/wp\/v2\/categories?post=9615"},{"taxonomy":"post_tag","embeddable":true,"href":"https:\/\/hostnetart.com.br\/baixada\/wp-json\/wp\/v2\/tags?post=9615"}],"curies":[{"name":"wp","href":"https:\/\/api.w.org\/{rel}","templated":true}]}}