{"id":9613,"date":"2020-09-09T17:12:44","date_gmt":"2020-09-09T20:12:44","guid":{"rendered":"https:\/\/hostnetart.com.br\/baixada\/btg-pactual-pode-ter-lucro-de-r-1-7-bilhao-com-carteira-de-credito-comprada-do-bb-por-r-371-milhoes\/"},"modified":"2020-09-09T17:12:44","modified_gmt":"2020-09-09T20:12:44","slug":"btg-pactual-pode-ter-lucro-de-r-1-7-bilhao-com-carteira-de-credito-comprada-do-bb-por-r-371-milhoes","status":"publish","type":"post","link":"https:\/\/hostnetart.com.br\/baixada\/btg-pactual-pode-ter-lucro-de-r-1-7-bilhao-com-carteira-de-credito-comprada-do-bb-por-r-371-milhoes\/","title":{"rendered":"BTG Pactual pode ter lucro de R$ 1,7 bilh\u00e3o com carteira de cr\u00e9dito comprada do BB por R$ 371 milh\u00f5es"},"content":{"rendered":"<p>A venda de uma carteira de cr\u00e9dito do Banco do Brasil, avaliada em R$ 2,9 bilh\u00f5es, para o BTG Pactual por apenas R$ 371 milh\u00f5es continua sendo not\u00edcia. Desta vez, foi pauta da\u00a0<a href=\"https:\/\/revistaforum.com.br\/noticias\/exclusivo-compra-de-carteira-de-credito-do-bb-pelo-btg-pode-dar-lucro-de-r-17-bilhao-ao-ex-banco-de-guedes\/\" target=\"_blank\" rel=\"noopener noreferrer\">Revista F\u00f3rum<\/a>. Segundo a reportagem, um analista do mercado financeiro disse que a carteira tem potencial de recupera\u00e7\u00e3o de 70%. Al\u00e9m disso, a maior parte dela \u00e9 composta por financiamentos imobili\u00e1rios adquiridos por ex-funcion\u00e1rios do pr\u00f3prio BB, que deixaram o banco em PDVs nos anos 1990 e 2000. Em caso de inadimpl\u00eancia, im\u00f3veis podem ser tomados para quitar os empr\u00e9stimos.<\/p>\n<p>Segundo a Revista F\u00f3rum, \u201cse a avalia\u00e7\u00e3o de 70% de recupera\u00e7\u00e3o feita por essa fonte se concretizar, o BTG vai receber R$ 2,03 bilh\u00f5es ao final, ou R$ 1,659 bilh\u00e3o a mais do que pagou pela carteira\u201d.<\/p>\n<p>Em nota \u00e0 F\u00f3rum, o Banco do Brasil informou que \u201cos cr\u00e9ditos cedidos referem-se a opera\u00e7\u00f5es que estavam inadimplentes, em m\u00e9dia, h\u00e1 mais de seis anos. Do total, 98% j\u00e1 estava lan\u00e7ado em preju\u00edzo e os 2% restantes contavam com provis\u00f5es. Al\u00e9m disso, trata-se de um portf\u00f3lio de opera\u00e7\u00f5es ajuizadas, com processos judiciais iniciados h\u00e1 at\u00e9 15 anos\u201d.<\/p>\n<p>\u201cO BTG Pactual pagou pouco mais de 20% do que valia a carteira. Por si, isso j\u00e1 seria motivo de investiga\u00e7\u00e3o. Se acrescentarmos a informa\u00e7\u00e3o de que o BTG foi fundado por Paulo Guedes, a quem o BB est\u00e1 subordinado, e agora essa informa\u00e7\u00e3o de que 70% da carteira pode ser recuperada, a situa\u00e7\u00e3o fica ainda mais grave para os respons\u00e1veis pela transa\u00e7\u00e3o\u201d, ressaltou o coordenador da Comiss\u00e3o de Empresa dos Funcion\u00e1rios do Banco do Brasil (CEBB), Jo\u00e3o Fukunaga.<\/p>\n<h3>Olho grande<\/h3>\n<p>A Revista F\u00f3rum diz ainda que a mesma fonte do mercado financeiro revelou que o BTG est\u00e1 de olho em outras duas carteiras de cr\u00e9dito do BB, de cerca de R$ 1,6 bilh\u00e3o cada, que atualmente est\u00e3o sob os ativos da Previ, o fundo de previd\u00eancia dos funcion\u00e1rios do banco.<\/p>\n<h3><strong>Questionamento<\/strong><\/h3>\n<p>O deputado Glauber Braga (PSOL-RJ) fez uma\u00a0<a href=\"https:\/\/contrafcut.com.br\/noticias\/operacao-entre-bb-e-btg-pactual\/\" target=\"_blank\" rel=\"noopener noreferrer\">s\u00e9rie de questionamentos<\/a>\u00a0sobre a transa\u00e7\u00e3o ao Banco do Brasil. No of\u00edcio ele pergunta, por exemplo, se o processo de cess\u00e3o da carteira assegurava ampla concorr\u00eancia. Quais tinham sido os crit\u00e9rios para a escolha do BTG para comprar a carteira. Qual a composi\u00e7\u00e3o da referida carteira de cr\u00e9dito. Como foi atribu\u00eddo o pre\u00e7o de venda. Por fim, ele pedia ainda o comparecimento do presidente do Banco do Brasil \u00e0 C\u00e2mara para esclarecimentos.<\/p>\n<p>Rubem Novaes deixou a presid\u00eancia do banco, ao final de julho. As respostas ficaram ent\u00e3o s\u00f3 por conta do of\u00edcio. \u201cMas, algumas foram bem evasivas\u2026 Na nossa avalia\u00e7\u00e3o, elas deixaram muitas lacunas sem responder\u201d, considera o deputado.<\/p>\n<p>Por exemplo: o BB diz que o pre\u00e7o da carteira foi fixado usando \u201cferramentas e pr\u00e1ticas financeiras, incluindo refer\u00eancias apontadas pela consultoria que apoiou o banco\u201d. Mas n\u00e3o explicitou quais refer\u00eancias seriam essas. Sobre a composi\u00e7\u00e3o da carteira, o BB diz que 98% dela t\u00eam cr\u00e9ditos de mais de R$ 500 mil \u201ccontabilizados como perdas h\u00e1 mais de cinco anos\u201d. N\u00e3o explica, contudo, a natureza desses empr\u00e9stimos.<\/p>\n<p>Se a fonte estiver certa e forem cr\u00e9ditos imobili\u00e1rios, o valor de R$ 500 mil ou mais por empr\u00e9stimo faz sentido.<\/p>\n<p>Por considerar que os dados passados pelo BB est\u00e3o vagos, o deputado do Rio protocolou um segundo requerimento de informa\u00e7\u00f5es, mais detalhado, pedindo os laudos e documentos de avalia\u00e7\u00e3o que a consultoria fez, a composi\u00e7\u00e3o mais detalhada da carteira vendida, quem \u00e9 a inst\u00e2ncia respons\u00e1vel por aprovar esse neg\u00f3cio no banco, se o BB ser\u00e1 ressarcido das despesas de cobran\u00e7a dos empr\u00e9stimos que est\u00e3o nessa carteira vendida, entre outros dados bem espec\u00edficos. Para evitar respostas vagas.<\/p>\n<p><strong>Fonte: Contraf-CUT<\/strong><\/p>\n","protected":false},"excerpt":{"rendered":"<p>A venda de uma carteira de cr\u00e9dito do Banco do Brasil, avaliada em R$ 2,9 bilh\u00f5es, para o BTG Pactual por apenas R$ 371 milh\u00f5es continua sendo not\u00edcia. Desta vez, foi pauta da\u00a0Revista F\u00f3rum. Segundo a reportagem, um analista do mercado financeiro disse que a carteira tem potencial de recupera\u00e7\u00e3o de 70%. Al\u00e9m disso, a [&hellip;]<\/p>\n","protected":false},"author":2,"featured_media":9612,"comment_status":"","ping_status":"","sticky":false,"template":"","format":"standard","meta":{"footnotes":""},"categories":[3],"tags":[],"class_list":["post-9613","post","type-post","status-publish","format-standard","has-post-thumbnail","hentry","category-noticias"],"_links":{"self":[{"href":"https:\/\/hostnetart.com.br\/baixada\/wp-json\/wp\/v2\/posts\/9613","targetHints":{"allow":["GET"]}}],"collection":[{"href":"https:\/\/hostnetart.com.br\/baixada\/wp-json\/wp\/v2\/posts"}],"about":[{"href":"https:\/\/hostnetart.com.br\/baixada\/wp-json\/wp\/v2\/types\/post"}],"author":[{"embeddable":true,"href":"https:\/\/hostnetart.com.br\/baixada\/wp-json\/wp\/v2\/users\/2"}],"replies":[{"embeddable":true,"href":"https:\/\/hostnetart.com.br\/baixada\/wp-json\/wp\/v2\/comments?post=9613"}],"version-history":[{"count":0,"href":"https:\/\/hostnetart.com.br\/baixada\/wp-json\/wp\/v2\/posts\/9613\/revisions"}],"wp:featuredmedia":[{"embeddable":true,"href":"https:\/\/hostnetart.com.br\/baixada\/wp-json\/wp\/v2\/media\/9612"}],"wp:attachment":[{"href":"https:\/\/hostnetart.com.br\/baixada\/wp-json\/wp\/v2\/media?parent=9613"}],"wp:term":[{"taxonomy":"category","embeddable":true,"href":"https:\/\/hostnetart.com.br\/baixada\/wp-json\/wp\/v2\/categories?post=9613"},{"taxonomy":"post_tag","embeddable":true,"href":"https:\/\/hostnetart.com.br\/baixada\/wp-json\/wp\/v2\/tags?post=9613"}],"curies":[{"name":"wp","href":"https:\/\/api.w.org\/{rel}","templated":true}]}}