{"id":9611,"date":"2020-09-09T14:50:06","date_gmt":"2020-09-09T17:50:06","guid":{"rendered":"https:\/\/hostnetart.com.br\/baixada\/bancarios-do-itau-se-reunem-com-o-banco-nesta-quinta-feira-10\/"},"modified":"2020-09-09T14:50:06","modified_gmt":"2020-09-09T17:50:06","slug":"bancarios-do-itau-se-reunem-com-o-banco-nesta-quinta-feira-10","status":"publish","type":"post","link":"https:\/\/hostnetart.com.br\/baixada\/bancarios-do-itau-se-reunem-com-o-banco-nesta-quinta-feira-10\/","title":{"rendered":"Banc\u00e1rios do Ita\u00fa se re\u00fanem com o banco nesta quinta-feira (10)"},"content":{"rendered":"<p>Os banc\u00e1rios do Ita\u00fa se re\u00fanem com a dire\u00e7\u00e3o do banco, nesta quinta-feira (10), \u00e0s 14h30,\u00a0<a href=\"https:\/\/contrafcut.com.br\/noticias\/definida-pauta-de-reivindicacoes-dos-bancarios-do-itau-unibanco\/\">para definir o calend\u00e1rio de negocia\u00e7\u00f5es para discutir emprego, retorno ao trabalho e banco de horas<\/a>. \u201cCom o final da Campanha Nacional, da qual sa\u00edmos vitoriosos, podemos voltar a debater as demandas espec\u00edficas com o banco\u201d, explicou Jair Alves, coordenador da Comiss\u00e3o de Organiza\u00e7\u00e3o dos Empregados do Ita\u00fa (COE Ita\u00fa).<\/p>\n<p><a href=\"https:\/\/contrafcut.com.br\/noticias\/itau-anuncia-prorrogacao-de-trabalho-remoto-ate-final-de-janeiro-de-2021\/\">Em agosto, em meio a Campanha, o Ita\u00fa atendeu duas reivindica\u00e7\u00f5es dos trabalhadores: extens\u00e3o do home office at\u00e9 o final de janeiro 2021 e a reabertura de ag\u00eancias para diminuir o fluxo pessoas nos locais<\/a>. Por\u00e9m, agora o movimento sindical quer formalizar como ficar\u00e3o essas quest\u00f5es no in\u00edcio do pr\u00f3ximo ano.<\/p>\n<p>Na tarde desta quarta-feira (9), a COE se re\u00fane, por videoconfer\u00eancia, para se preparar para a negocia\u00e7\u00e3o de amanh\u00e3.<\/p>\n<p><strong>Fonte: Contraf-CUT<\/strong><\/p>\n","protected":false},"excerpt":{"rendered":"<p>Os banc\u00e1rios do Ita\u00fa se re\u00fanem com a dire\u00e7\u00e3o do banco, nesta quinta-feira (10), \u00e0s 14h30,\u00a0para definir o calend\u00e1rio de negocia\u00e7\u00f5es para discutir emprego, retorno ao trabalho e banco de horas. \u201cCom o final da Campanha Nacional, da qual sa\u00edmos vitoriosos, podemos voltar a debater as demandas espec\u00edficas com o banco\u201d, explicou Jair Alves, coordenador [&hellip;]<\/p>\n","protected":false},"author":2,"featured_media":9610,"comment_status":"","ping_status":"","sticky":false,"template":"","format":"standard","meta":{"footnotes":""},"categories":[3],"tags":[],"class_list":["post-9611","post","type-post","status-publish","format-standard","has-post-thumbnail","hentry","category-noticias"],"_links":{"self":[{"href":"https:\/\/hostnetart.com.br\/baixada\/wp-json\/wp\/v2\/posts\/9611","targetHints":{"allow":["GET"]}}],"collection":[{"href":"https:\/\/hostnetart.com.br\/baixada\/wp-json\/wp\/v2\/posts"}],"about":[{"href":"https:\/\/hostnetart.com.br\/baixada\/wp-json\/wp\/v2\/types\/post"}],"author":[{"embeddable":true,"href":"https:\/\/hostnetart.com.br\/baixada\/wp-json\/wp\/v2\/users\/2"}],"replies":[{"embeddable":true,"href":"https:\/\/hostnetart.com.br\/baixada\/wp-json\/wp\/v2\/comments?post=9611"}],"version-history":[{"count":0,"href":"https:\/\/hostnetart.com.br\/baixada\/wp-json\/wp\/v2\/posts\/9611\/revisions"}],"wp:featuredmedia":[{"embeddable":true,"href":"https:\/\/hostnetart.com.br\/baixada\/wp-json\/wp\/v2\/media\/9610"}],"wp:attachment":[{"href":"https:\/\/hostnetart.com.br\/baixada\/wp-json\/wp\/v2\/media?parent=9611"}],"wp:term":[{"taxonomy":"category","embeddable":true,"href":"https:\/\/hostnetart.com.br\/baixada\/wp-json\/wp\/v2\/categories?post=9611"},{"taxonomy":"post_tag","embeddable":true,"href":"https:\/\/hostnetart.com.br\/baixada\/wp-json\/wp\/v2\/tags?post=9611"}],"curies":[{"name":"wp","href":"https:\/\/api.w.org\/{rel}","templated":true}]}}