{"id":9605,"date":"2020-09-09T13:05:09","date_gmt":"2020-09-09T16:05:09","guid":{"rendered":"https:\/\/hostnetart.com.br\/baixada\/contraf-cut-pede-antecipacao-da-plr-ao-bb\/"},"modified":"2020-09-09T13:05:09","modified_gmt":"2020-09-09T16:05:09","slug":"contraf-cut-pede-antecipacao-da-plr-ao-bb","status":"publish","type":"post","link":"https:\/\/hostnetart.com.br\/baixada\/contraf-cut-pede-antecipacao-da-plr-ao-bb\/","title":{"rendered":"Contraf-CUT pede antecipa\u00e7\u00e3o da PLR ao BB"},"content":{"rendered":"<p>A Confedera\u00e7\u00e3o Nacional dos Trabalhadores do Ramo Financeiro (Contraf-CUT) encaminhou, nesta ter\u00e7a-feira (8), um of\u00edcio ao Banco do Brasil solicitando a antecipa\u00e7\u00e3o da parcela da Participa\u00e7\u00e3o nos lucros e\/ou Resultados (PLR).<\/p>\n<p>Pelas regras definidas na Conven\u00e7\u00e3o Coletiva de Trabalho (CCT), o banco tem at\u00e9 10 dias \u00fateis ap\u00f3s a assinatura do acordo para efetuar o pagamento aos funcion\u00e1rios, mas o banco costuma pagar a PLR no mesmo dia em que \u00e9 feita a distribui\u00e7\u00e3o dos dividendos do lucro aos seus acionistas. O acordo foi assinado na sexta-feira (4).<\/p>\n<p>\u201cNeste tempo de pandemia \u00e9 importante que as pessoas tenham acesso ao dinheiro o mais r\u00e1pido poss\u00edvel\u201d, disse o coordenador da Comiss\u00e3o de Empresa dos funcion\u00e1rios do Banco do Brasil (CEBB), Jo\u00e3o Fukunaga. \u201cEsperamos que o banco atenda nossa reivindica\u00e7\u00e3o\u201d, completou.<\/p>\n<p><strong>Fonte: Contraf-CUT<\/strong><\/p>\n","protected":false},"excerpt":{"rendered":"<p>A Confedera\u00e7\u00e3o Nacional dos Trabalhadores do Ramo Financeiro (Contraf-CUT) encaminhou, nesta ter\u00e7a-feira (8), um of\u00edcio ao Banco do Brasil solicitando a antecipa\u00e7\u00e3o da parcela da Participa\u00e7\u00e3o nos lucros e\/ou Resultados (PLR). Pelas regras definidas na Conven\u00e7\u00e3o Coletiva de Trabalho (CCT), o banco tem at\u00e9 10 dias \u00fateis ap\u00f3s a assinatura do acordo para efetuar o [&hellip;]<\/p>\n","protected":false},"author":2,"featured_media":9604,"comment_status":"","ping_status":"","sticky":false,"template":"","format":"standard","meta":{"footnotes":""},"categories":[3],"tags":[],"class_list":["post-9605","post","type-post","status-publish","format-standard","has-post-thumbnail","hentry","category-noticias"],"_links":{"self":[{"href":"https:\/\/hostnetart.com.br\/baixada\/wp-json\/wp\/v2\/posts\/9605","targetHints":{"allow":["GET"]}}],"collection":[{"href":"https:\/\/hostnetart.com.br\/baixada\/wp-json\/wp\/v2\/posts"}],"about":[{"href":"https:\/\/hostnetart.com.br\/baixada\/wp-json\/wp\/v2\/types\/post"}],"author":[{"embeddable":true,"href":"https:\/\/hostnetart.com.br\/baixada\/wp-json\/wp\/v2\/users\/2"}],"replies":[{"embeddable":true,"href":"https:\/\/hostnetart.com.br\/baixada\/wp-json\/wp\/v2\/comments?post=9605"}],"version-history":[{"count":0,"href":"https:\/\/hostnetart.com.br\/baixada\/wp-json\/wp\/v2\/posts\/9605\/revisions"}],"wp:featuredmedia":[{"embeddable":true,"href":"https:\/\/hostnetart.com.br\/baixada\/wp-json\/wp\/v2\/media\/9604"}],"wp:attachment":[{"href":"https:\/\/hostnetart.com.br\/baixada\/wp-json\/wp\/v2\/media?parent=9605"}],"wp:term":[{"taxonomy":"category","embeddable":true,"href":"https:\/\/hostnetart.com.br\/baixada\/wp-json\/wp\/v2\/categories?post=9605"},{"taxonomy":"post_tag","embeddable":true,"href":"https:\/\/hostnetart.com.br\/baixada\/wp-json\/wp\/v2\/tags?post=9605"}],"curies":[{"name":"wp","href":"https:\/\/api.w.org\/{rel}","templated":true}]}}