{"id":9603,"date":"2020-09-08T20:59:16","date_gmt":"2020-09-08T23:59:16","guid":{"rendered":"https:\/\/hostnetart.com.br\/baixada\/belluzzo-com-carteira-verde-e-amarela-retornaremos-ao-regime-anterior-a-revolucao-industrial\/"},"modified":"2020-09-08T20:59:16","modified_gmt":"2020-09-08T23:59:16","slug":"belluzzo-com-carteira-verde-e-amarela-retornaremos-ao-regime-anterior-a-revolucao-industrial","status":"publish","type":"post","link":"https:\/\/hostnetart.com.br\/baixada\/belluzzo-com-carteira-verde-e-amarela-retornaremos-ao-regime-anterior-a-revolucao-industrial\/","title":{"rendered":"Belluzzo: com carteira verde e amarela, retornaremos ao regime anterior \u00e0 revolu\u00e7\u00e3o industrial"},"content":{"rendered":"<div class=\"the-content\">\n<p>Apesar de a ind\u00fastria brasileira estar em franco decl\u00ednio e o desemprego em\u00a0<a href=\"https:\/\/www.redebrasilatual.com.br\/economia\/2020\/08\/em-tres-meses-9-milhoes-deixam-o-mercado-de-trabalho-desemprego-pega-formais-e-informais\/\" target=\"_blank\" rel=\"noopener noreferrer\">patamares negativos assustadores<\/a>, o que deveria preocupar os empres\u00e1rios, a Confedera\u00e7\u00e3o Nacional da Ind\u00fastria (CNI) tem apoiado o governo de Jair Bolsonaro desde sempre. A entidade publicou em seu site\u00a0<a href=\"http:\/\/www.portaldaindustria.com.br\/estatisticas\/icei-setorial\/?utm_source=gpc_agencia_de_noticias&amp;utm_medium=site&amp;utm_campaign=ICEIsetorial_Ago2020\" target=\"_blank\" rel=\"noopener noreferrer\">uma pesquisa<\/a>\u00a0segundo a qual, em agosto, o \u00edndice de confian\u00e7a no setor vinha crescendo. \u201cEmpres\u00e1rios de todos os setores est\u00e3o confiantes\u201d, diz a entidade, apesar de n\u00e3o haver nenhum sinal de plano governamental que aponte para a retomada do crescimento.<\/p>\n<p>A pr\u00f3pria CNI constata,\u00a0<a href=\"https:\/\/noticias.portaldaindustria.com.br\/noticias\/economia\/industria-brasileira-e-a-16a-em-participacao-na-producao-mundial-do-setor-aponta-cni\/\" target=\"_blank\" rel=\"noopener noreferrer\">em outra publica\u00e7\u00e3o<\/a>, que a ind\u00fastria do pa\u00eds est\u00e1 em trajet\u00f3ria de queda desde 2009. \u201cCom a nova retra\u00e7\u00e3o em 2019, a ind\u00fastria nacional mant\u00e9m perda de relev\u00e2ncia no cen\u00e1rio global e passa a ocupar a 16\u00aa posi\u00e7\u00e3o\u201d, diz a entidade.<\/p>\n<p>Como se explica tal contradi\u00e7\u00e3o? \u201cVoc\u00ea acha que eles v\u00e3o deixar de apoiar o governo porque a ind\u00fastria est\u00e1 numa situa\u00e7\u00e3o ruim? N\u00e3o h\u00e1 uma rela\u00e7\u00e3o de uma coisa com a outra\u201d, diz o economista Luiz Gonzaga Belluzzo. \u201cN\u00e3o \u00e9 absurdo, \u00e9 da vida contempor\u00e2nea. Eles se agarram ao que corresponde mais \u00e0 ideologia deles. As pessoas agem contra o que seriam os seus interesses.\u201d<\/p>\n<div id=\"redeb-639792769\" class=\"redeb-content-placement-after-3rd-paragraph\">\u00a0<\/div>\n<p>O ministro da Economia, Paulo Guedes, que episodicamente\u00a0<a href=\"https:\/\/www.redebrasilatual.com.br\/politica\/2020\/08\/tudo-aponta-para-a-saida-de-guedes-e-fim-de-sua-agenda-diz-vitor-marchetti\/\" target=\"_blank\" rel=\"noopener noreferrer\">\u00e9 dado como praticamente fora do governo<\/a>, continua apoiado pelo mercado, embora o pa\u00eds esteja \u201cuma lamban\u00e7a, uma desorganiza\u00e7\u00e3o, uma confus\u00e3o\u201d, na avalia\u00e7\u00e3o do economista.<\/p>\n<p>\u201cA aposta deles (do mercado) \u00e9 nas reformas e no Paulo Guedes, e eles acabam tolerando algumas viola\u00e7\u00f5es\u201d, diz Belluzzo. Para ele, o teto de gastos, institu\u00eddo ainda no governo de Michel Temer, \u00e9 \u201cinsustent\u00e1vel\u201d. \u201c\u00c9 uma das ideias mais esdr\u00faxulas que eu j\u00e1 vi.\u201d<\/p>\n<p>E a agenda de Paulo Guedes segue no Congresso Nacional,\u00a0<a href=\"https:\/\/www.redebrasilatual.com.br\/economia\/2020\/09\/com-centrao-e-maia-bolsonaro-e-guedes-devem-aprovar-auxilio-emergencial-de-r-300-diz-oposicao\/\" target=\"_blank\" rel=\"noopener noreferrer\">com apoio do presidente da C\u00e2mara, Rodrigo Maia (DEM-RJ)<\/a>. \u201cO Maia parece que \u00e9 preparado, mas \u00e9 despreparado. Ele est\u00e1 sempre com essas posturas e atitudes liberaloides, e o pa\u00eds est\u00e1 \u00e0 deriva\u201d, constata o economista.<\/p>\n<p>Insens\u00edvel \u00e0 crise econ\u00f4mica e no mercado de trabalho, a ideia do governo de instituir a carteira de trabalho verde e amarela continua em p\u00e9. Embora a Medida Provis\u00f3ria 955\/20, que criava o contrato instituindo a \u201cnovidade\u201d, tenha perdido a validade em agosto,\u00a0Bolsonaro j\u00e1 afirmou que vai apresentar um novo texto.<\/p>\n<p>Na opini\u00e3o de Belluzzo, a ideia do governo \u00e9 mais do que uma forma de se dispensar as empresas de respeitar os direitos dos trabalhadores, j\u00e1 que a proposta cria legalmente o sal\u00e1rio por hora. \u201c\u00c9 muito grave, porque vamos retornar ao regime de contrato de trabalho anterior \u00e0 revolu\u00e7\u00e3o industrial, o regime do\u00a0<em>putting-out<\/em>, em que voc\u00ea pagava por hora, ou por pe\u00e7a etc. Ou seja, voc\u00ea est\u00e1 dissolvendo as rela\u00e7\u00f5es salariais\u201d, afirma o economista, em entrevista \u00e0\u00a0<strong>RBA<\/strong>.<\/p>\n<p><strong>O mercado parece que continua apostando em Paulo Guedes, embora sempre tenha o boato de que ele pode cair a qualquer momento\u2026<\/strong><\/p>\n<p>O mercado est\u00e1 apostando em qualquer coisa. E n\u00e3o \u00e9 porque Paulo Guedes vai ter umas derrotas que vai sair. Ele vai tentar ficar o tempo inteiro. Eles acabaram de retirar (<em>o pedido de urg\u00eancia<\/em>) da reforma tribut\u00e1ria da C\u00e2mara. Est\u00e1 tudo uma lamban\u00e7a, tudo uma desorganiza\u00e7\u00e3o, uma confus\u00e3o. E ele est\u00e1 brigando com o Maia. O fato \u00e9 que o pa\u00eds est\u00e1 \u00e0 deriva.<\/p>\n<p><strong>Eles podem brigar, mas Rodrigo Maia continua apoiando a agenda de Paulo Guedes, n\u00e3o \u00e9?<\/strong><\/p>\n<p>O Maia parece que \u00e9 preparado, mas \u00e9 despreparado. Ele est\u00e1 sempre com essas posturas e atitudes liberaloides, mas o pa\u00eds est\u00e1 \u00e0 deriva, e todas essas reformas, e a maneira como est\u00e3o propostas, n\u00e3o v\u00e3o chegar a lugar nenhum. N\u00e3o t\u00eam nada a ver com a possibilidade de recuperar o crescimento.<\/p>\n<p><strong>Segundo analistas pol\u00edticos, o mercado \u00e9 que tem sustentado o governo e Paulo Guedes. Ou seja, a situa\u00e7\u00e3o de sustenta\u00e7\u00e3o continua\u2026<\/strong><\/p>\n<p>Sim, e eles est\u00e3o tolerando inclusive claras viola\u00e7\u00f5es do regime or\u00e7ament\u00e1rio. Mas o mercado \u00e9 assim. A forma de coordena\u00e7\u00e3o da economia e de controle est\u00e1 no mercado financeiro, estruturalmente. Se as pessoas n\u00e3o sabem isso, n\u00e3o d\u00e1 para entender nada. Mas eles exercem esse poder de uma maneira muito peculiar. A aposta deles \u00e9 nas reformas e no Paulo Guedes, e eles acabam tolerando algumas viola\u00e7\u00f5es, porque preferem observar as viola\u00e7\u00f5es, n\u00e3o fazer nada e continuar apoiando.<\/p>\n<p><strong>Viola\u00e7\u00f5es de que tipo?<\/strong><\/p>\n<p>Viola\u00e7\u00f5es das regras que eles considerariam adequadas para a gest\u00e3o fiscal, por exemplo. Vai ocorrer um momento em que o teto de gastos vai ser violado, porque \u00e9 imposs\u00edvel cumprir, \u00e9 insustent\u00e1vel. \u00c9 uma das ideias mais esdr\u00faxulas que eu j\u00e1 vi. Ali\u00e1s, a reforma da Previd\u00eancia era apresentada como a bala de prata das reformas que ele estava pretendendo. O que aconteceu? Teve reforma da Previd\u00eancia e n\u00e3o aconteceu nada.<\/p>\n<p><strong>S\u00f3 perda de direitos\u2026<\/strong><\/p>\n<p>Sim, s\u00f3 isso. Agora querem o projeto de lei que estabelece a carteira de trabalho verde e amarela. O que \u00e9 isso? Sal\u00e1rio por hora, que tamb\u00e9m \u00e9 uma forma de voc\u00ea dispensar as empresas de respeitar os direitos dos trabalhadores. \u00c9 muito grave o sal\u00e1rio por hora, porque vamos retornar ao regime de contrato de trabalho anterior \u00e0 revolu\u00e7\u00e3o industrial, o regime do\u00a0<em>putting-out<\/em>, em que voc\u00ea pagava por hora, ou por pe\u00e7a etc. Ou seja, voc\u00ea est\u00e1 dissolvendo as rela\u00e7\u00f5es salariais. E o efeito disso sobre a economia vai ser muito grave. Porque vai deprimir violentamente o poder de compra da massa de trabalhadores.<\/p>\n<p><strong>Fora que a ind\u00fastria est\u00e1 cada dia pior, mais deprimida\u2026<\/strong><\/p>\n<p>Sim, claro. E agora a CNI se deu conta de que o Brasil est\u00e1 caindo no ranking dos pa\u00edses em desenvolvimento. No final dos anos 1970, era o pa\u00eds mais industrializado entre eles e ocupava entre a quinta e a sexta posi\u00e7\u00e3o no ranking global.<\/p>\n<p><strong>N\u00e3o \u00e9 curioso que a CNI tem apoiado o governo desde sempre?<\/strong><\/p>\n<p>\u00c9 isso. E voc\u00ea acha que eles v\u00e3o deixar de apoiar o governo porque a ind\u00fastria est\u00e1 numa situa\u00e7\u00e3o ruim? N\u00e3o h\u00e1 uma rela\u00e7\u00e3o de uma coisa com a outra. As pessoas pensam que tem, mas n\u00e3o tem. S\u00e3o os paradoxos da vida social brasileira. Os industriais e a ind\u00fastria est\u00e3o se ferrando, mas os industriais continuam apoiando o governo que est\u00e1 ferrando a ind\u00fastria.<\/p>\n<p><strong>Como se explica esse absurdo?<\/strong><\/p>\n<p>N\u00e3o \u00e9 absurdo, \u00e9 da vida contempor\u00e2nea. Eles se agarram ao que corresponde mais \u00e0 ideologia deles. As pessoas agem contra o que seriam os seus interesses.<\/p>\n<p><strong>Mas os industriais n\u00e3o est\u00e3o ganhando em aplica\u00e7\u00f5es no mercado financeiro, em vez de investir na produ\u00e7\u00e3o?<\/strong><\/p>\n<p>Sim, mas isso \u00e9 assim em todo lugar do mundo. Tirando a China, as empresas industriais viraram propiciadoras de ganhos financeiros. No mundo inteiro, e no Brasil \u00e9 assim tamb\u00e9m. E eles n\u00e3o t\u00eam esp\u00edrito de corpo, esp\u00edrito de classe. N\u00e3o existe aqui uma corrente industrialista como j\u00e1 existiu no Brasil. Existiam industriais que eram comprometidos com o projeto da industrializa\u00e7\u00e3o. Partindo do Roberto Simonsen, indo at\u00e9 Ant\u00f4nio Erm\u00edrio de Moraes. Mas essa turma acabou.<\/p>\n<p><strong>Conservadores, mas industrialistas\u2026<\/strong><\/p>\n<p>Sim, conservadores mas industrialistas. Perfeitamente, \u00e9 isso mesmo.<\/p>\n<p><strong>O que achou da proposta de\u00a0<a href=\"https:\/\/www.redebrasilatual.com.br\/trabalho\/2020\/09\/reforma-administrativa-de-bolsonaro-demoniza-servidor-mantem-privilegios-e-facilita-privatizacoes\/\" target=\"_blank\" rel=\"noopener noreferrer\">reforma administrativa<\/a>?<\/strong><\/p>\n<p>Acho que est\u00e1 muito confusa, est\u00e3o tentando preservar os militares. Vai ser dif\u00edcil incluir a magistratura, o Judici\u00e1rio nisso, que vai apresentar sua pr\u00f3pria reforma, e eles s\u00e3o muito cientes das suas prerrogativas. Vai acabar afetando fundamentalmente a faixa de menor renda do funcionalismo, porque o resto vai resistir muito, como j\u00e1 est\u00e1 ficando claro.<\/p>\n<p>A reforma administrativa que tinha que fazer \u00e9 pensar numa arquitetura institucional entre o governo, os bancos p\u00fablicos, as empresas p\u00fablicas. Mas isso n\u00e3o passa\u2026 Ali\u00e1s, voc\u00ea j\u00e1 ouviu a palavra \u201cind\u00fastria\u201d da boca de algum dos membros da equipe econ\u00f4mica? Eles nunca pronunciaram essa palavra, porque isso n\u00e3o est\u00e1 no horizonte deles. N\u00e3o sabem exatamente o que significa isso. Eles est\u00e3o falando de tudo, menos da ind\u00fastria.<\/p>\n<div id=\"taboola-below-article\" class=\" trc_related_container trc_spotlight_widget\">\u00a0<\/div>\n<\/div>\n<div class=\"column large-12 small-12 no-padding\">\n<div class=\"post-content--tags\">\n<div class=\"post-content--section-title fz-14 mr-15\"><span style=\"text-decoration: underline;\"><strong>Fonte: Contraf-CUT<\/strong><\/span><\/div>\n<\/div>\n<\/div>\n","protected":false},"excerpt":{"rendered":"<p>Apesar de a ind\u00fastria brasileira estar em franco decl\u00ednio e o desemprego em\u00a0patamares negativos assustadores, o que deveria preocupar os empres\u00e1rios, a Confedera\u00e7\u00e3o Nacional da Ind\u00fastria (CNI) tem apoiado o governo de Jair Bolsonaro desde sempre. A entidade publicou em seu site\u00a0uma pesquisa\u00a0segundo a qual, em agosto, o \u00edndice de confian\u00e7a no setor vinha crescendo. [&hellip;]<\/p>\n","protected":false},"author":2,"featured_media":9602,"comment_status":"","ping_status":"","sticky":false,"template":"","format":"standard","meta":{"footnotes":""},"categories":[3],"tags":[],"class_list":["post-9603","post","type-post","status-publish","format-standard","has-post-thumbnail","hentry","category-noticias"],"_links":{"self":[{"href":"https:\/\/hostnetart.com.br\/baixada\/wp-json\/wp\/v2\/posts\/9603","targetHints":{"allow":["GET"]}}],"collection":[{"href":"https:\/\/hostnetart.com.br\/baixada\/wp-json\/wp\/v2\/posts"}],"about":[{"href":"https:\/\/hostnetart.com.br\/baixada\/wp-json\/wp\/v2\/types\/post"}],"author":[{"embeddable":true,"href":"https:\/\/hostnetart.com.br\/baixada\/wp-json\/wp\/v2\/users\/2"}],"replies":[{"embeddable":true,"href":"https:\/\/hostnetart.com.br\/baixada\/wp-json\/wp\/v2\/comments?post=9603"}],"version-history":[{"count":0,"href":"https:\/\/hostnetart.com.br\/baixada\/wp-json\/wp\/v2\/posts\/9603\/revisions"}],"wp:featuredmedia":[{"embeddable":true,"href":"https:\/\/hostnetart.com.br\/baixada\/wp-json\/wp\/v2\/media\/9602"}],"wp:attachment":[{"href":"https:\/\/hostnetart.com.br\/baixada\/wp-json\/wp\/v2\/media?parent=9603"}],"wp:term":[{"taxonomy":"category","embeddable":true,"href":"https:\/\/hostnetart.com.br\/baixada\/wp-json\/wp\/v2\/categories?post=9603"},{"taxonomy":"post_tag","embeddable":true,"href":"https:\/\/hostnetart.com.br\/baixada\/wp-json\/wp\/v2\/tags?post=9603"}],"curies":[{"name":"wp","href":"https:\/\/api.w.org\/{rel}","templated":true}]}}