{"id":9601,"date":"2020-09-08T20:45:01","date_gmt":"2020-09-08T23:45:01","guid":{"rendered":"https:\/\/hostnetart.com.br\/baixada\/aos-81-morre-gloria-abdo-militante-historica-da-luta-dos-bancarios-e-do-sindicalismo-cidadao\/"},"modified":"2020-09-08T20:45:01","modified_gmt":"2020-09-08T23:45:01","slug":"aos-81-morre-gloria-abdo-militante-historica-da-luta-dos-bancarios-e-do-sindicalismo-cidadao","status":"publish","type":"post","link":"https:\/\/hostnetart.com.br\/baixada\/aos-81-morre-gloria-abdo-militante-historica-da-luta-dos-bancarios-e-do-sindicalismo-cidadao\/","title":{"rendered":"Aos 81, morre Gl\u00f3ria Abdo, militante hist\u00f3rica da luta dos banc\u00e1rios e do sindicalismo cidad\u00e3o"},"content":{"rendered":"<p>A ex-presidenta da Associa\u00e7\u00e3o dos Banc\u00e1rios Aposentados de S\u00e3o Paulo (Abaesp), Maria da Gl\u00f3ria Abdo, morreu neste domingo (6) na capital paulista, aos 81 anos, depois de anos de luta contra um c\u00e2ncer. Gl\u00f3ria militou no movimento sindical banc\u00e1rio durante toda sua trajet\u00f3ria profissional no setor, iniciada ap\u00f3s ingressar por concurso na Caixa Econ\u00f4mica estadual. O banco de fomento fundado no in\u00edcio do s\u00e9culo passado virou banco m\u00faltiplo em 1990, transformado em Nossa Caixa. Em 2008, foi adquirido pelo Banco do Brasil. Com o neg\u00f3cio, o ent\u00e3o presidente Luiz In\u00e1cio Lula da Silva evitou a privatiza\u00e7\u00e3o do banco estadual.<\/p>\n<p>Os aposentados da antiga Nossa Caixa tinham em Gl\u00f3ria Abdo uma refer\u00eancia. Fosse em campanhas em defesa da popula\u00e7\u00e3o idosa ou contra ataques a direitos de trabalhadores, da ativa e aposentados \u2013\u00a0tanto nos governos neoliberais dos anos 1990 quanto no p\u00f3s-golpe de 2016. Gl\u00f3ria gostava de conversar, de namorar e festejar. Toda \u00faltima sexta-feira do m\u00eas reunia companheiros de sua gera\u00e7\u00e3o no baile dos aniversariantes do m\u00eas. Na Abaesp, ficava brava quando frequentadores afoitos passavam da hora de fechar o sal\u00e3o, 18h. Mas ficava feliz quando os mais jovens do sindicato, vizinho \u00e0 associa\u00e7\u00e3o, na Rua S\u00e3o Bento, pediam emprestada a mesa de sinuca para depois do expediente.<\/p>\n<p>O movimento banc\u00e1rio foi passaporte para a luta pol\u00edtica. Nascida em dezembro de 1938 em Ponta Por\u00e3 (MS), Gl\u00f3ria Abdo radicou-se em S\u00e3o Paulo em 1960. Ingressou no banco por concurso e l\u00e1 se aposentaria tr\u00eas d\u00e9cadas depois. Come\u00e7ou a trabalhar em 1964 no pr\u00e9dio da Rua 15 de Novembro, no Centro Velho. Filiada ao Partido Comunista Brasileiro, o antigo PCB, em 1980 esteve entre os primeiros integrantes do rec\u00e9m-fundado Partido dos Trabalhadores. Feminista e socialista, Gl\u00f3ria combinou ativismo pol\u00edtico com a cria\u00e7\u00e3o de duas filhas nascidas de \u201cprodu\u00e7\u00e3o independente\u201d.<\/p>\n<div id=\"redeb-1414356769\" class=\"redeb-content-placement-after-3rd-paragraph\">\u00a0<\/div>\n<h2>Melhor idade?<\/h2>\n<p>Para a ex-banc\u00e1ria, ter sido m\u00e3e solteira por duas vezes, uma em 1967 outra em 1980, era motivo de orgulho. Adorava ser m\u00e3e e av\u00f3. E com o decorrer do tempo, a milit\u00e2ncia sindical no ramo financeiro foi ficando pequena para sua inquietude. Achava que os sindicatos podiam usar sua representatividade para influenciar a vida dos trabalhadores tamb\u00e9m fora de seus locais de trabalho. Como cidad\u00e3os. Foi, portanto, tamb\u00e9m pioneira do conceito de sindicato cidad\u00e3o que marcou a reinven\u00e7\u00e3o do movimento trabalhista ap\u00f3s a redemocratiza\u00e7\u00e3o.<\/p>\n<p>Em entrevista ao site do Sindicato dos Banc\u00e1rios de S\u00e3o Paulo, Gl\u00f3ria observava: \u201cEste sindicato \u00e9 um sindicato que n\u00f3s podemos chamar cidad\u00e3o, porque se envolve n\u00e3o s\u00f3 nas quest\u00f5es salariais dos banc\u00e1rios como tamb\u00e9m se envolve nos assuntos da cidadania e da democracia. Foi um dos que mais lutou contra a ditadura e luta ainda hoje contra este governo que est\u00e1 a\u00ed, de\u00a0<a href=\"https:\/\/www.redebrasilatual.com.br\/trabalho\/2019\/02\/aposentados-serao-prejudicados-com-propostas-de-bolsonaro-para-previdencia\/\" target=\"_blank\" rel=\"noopener noreferrer\">uma pessoa que n\u00e3o tem capacidade de governar<\/a>\u201c. Assista:<\/p>\n<h3>Inquieta<\/h3>\n<p>Maria da Gl\u00f3ria Abdo fez da Associa\u00e7\u00e3o dos Banc\u00e1rios Aposentados um ponto de refer\u00eancia da luta em defesa da popula\u00e7\u00e3o idosa. Convidada a ajudar a organizar esse segmento dos trabalhadores nos anos 1990 \u2013\u00a0por Gilmar Carneiro, ent\u00e3o presidente do Sindicato dos Banc\u00e1rios de S\u00e3o Paulo \u2013 ela construiu um grande capital pol\u00edtico e humano. Abominava a express\u00e3o \u201cmelhor idade\u201d, eufemismo usado pelo marketing para amenizar o momento mais delicado da vida das pessoas, justamente quando passam a ingressar numa rotina de fragilidade f\u00edsica, intelectual e social.<\/p>\n<p>\u201cMelhor idade?! Melhor idade \u00e9 quando voc\u00ea passa na frente de uma<br \/>constru\u00e7\u00e3o e te assobiam. Isso sim \u00e9 melhor idade. Atualmente n\u00e3o est\u00e3o<br \/>assobiando para mim, mas v\u00e3o voltar a assobiar, ah, se v\u00e3o\u2026\u201d, disse numa\u00a0<a href=\"https:\/\/revistalongeviver.com.br\/index.php\/revistaportal\/article\/view\/371\/371\" target=\"_blank\" rel=\"noopener noreferrer\">entrevista concedida \u00e0 revista digital\u00a0<em>Longeviver<\/em><\/a>. Gl\u00f3ria fala tamb\u00e9m sobre seu engajamento na causa dos idosos em \u00e2mbito local (moradia e lazer) e federal \u2013 batalha por formula\u00e7\u00e3o de pol\u00edticas p\u00fablicas. E tamb\u00e9m nas causas das mulheres, dos jovens e da inquietude contra as injusti\u00e7as que marcou sua vida.<\/p>\n<p>\u201cPerdemos uma das pessoas mais lutadoras que conheci. Fica a saudade e o bom exemplo de dignidade\u201d, disse o ex-deputado e ex-ministro nos governos de Lula e Dilma, Ricardo Berzoini, ex-presidente do sindicato. \u201cLembrarei de voc\u00ea sempre de duas formas : incans\u00e1vel na luta por igualdade social e livre. Como a Glorinha era livre!!! Uma mulher sem amarraras\u201d, escreveu a atual presidenta da entidade, Ivone Silva.<\/p>\n<hr class=\"wp-block-separator is-style-wide\" \/>\n<h4>Nota do Sindicato dos Banc\u00e1rios de S. Paulo, Osasco e Regi\u00e3o<\/h4>\n<p><em>O Sindicato dos Banc\u00e1rios de S\u00e3o Paulo, Osasco e Regi\u00e3o lamenta profundamente a morte, ocorrida na madrugada de domingo 6, de Maria da Gl\u00f3ria Abdo, Glorinha dos aposentados.<\/em><\/p>\n<p><em>A despedida ser\u00e1 no Vel\u00f3rio Tatuap\u00e9 (Rua David Zeiger, 330), Quarta Parada, das 14h \u00e0s 17h.<\/em><\/p>\n<h4><em>Legado para o movimento sindical e social<\/em><\/h4>\n<p><em>Muito querida por todos do movimento sindical e social, Glorinha foi banc\u00e1ria da extinta Nossa Caixa e ainda l\u00e1, na d\u00e9cada de 1970, liderou a luta das funcion\u00e1rias pelo direito a creche, que futuramente inspirou o auxilio creche\/bab\u00e1, conquistado e adicionado \u00e0 CCT (Conven\u00e7\u00e3o Coletiva de Trabalho), em 1981.<\/em><\/p>\n<p><em>\u201cConhecemos a Glorinha, em 1976. Naquele ano, entraram dois mil banc\u00e1rios. \u00c9ramos uma molecada cheia de g\u00e1s e com muita vontade de lutar e ela nos acolheu de pronto. Faz\u00edamos um jornal clandestino chamado de \u201d O Reuni\u00e3o\u201d e esse jornal era a voz dos funcion\u00e1rios contra a direita do banco. Muitas vezes, nos reunimos na casa da Glorinha para definir e escrever o conte\u00fado do jornal. Nunca teve ou demonstrou medo. Corajosa, combativa e sincera, foi uma das pessoas mais engajadas na luta da categoria banc\u00e1ria. N\u00e3o s\u00f3 das mulheres, mas de todos\u201d, lembra Antonio Saboia, diretor do Sindicato e amigo de Glorinha.<\/em><\/p>\n<h4><em>Aposentados<\/em><\/h4>\n<p><em>\u00a0Glorinha tamb\u00e9m foi presidente da Abaesp (Associa\u00e7\u00e3o dos Banc\u00e1rios Aposentados de S\u00e3o Paulo) e durante sua gest\u00e3o (2013 \u2013 2017), foi grande batalhadora pelos direitos da classe trabalhadora, em particular dos aposentados, defendeu a regulamenta\u00e7\u00e3o da profiss\u00e3o de cuidador de idosos e debateu sobre pol\u00edticas para pessoas idosas na cidade de S\u00e3o Paulo, na gest\u00e3o Haddad.<\/em><\/p>\n<p><em>Nascida em Mato Grosso do Sul, Glorinha mudou-se\u00a0para S\u00e3o Paulo. E aqui foi reconhecida pela luta por igualdade e engajamento nos movimentos sociais com o t\u00edtulo de Cidad\u00e3 Paulistana.<\/em><\/p>\n<p><em>O Sindicato agradece o legado e estende condol\u00eancias a familiares e amigos.<\/em><\/p>\n<p><em>Maria da Gl\u00f3ria Abdo, presente!<\/em><\/p>\n<p><span style=\"text-decoration: underline;\"><strong>Fonte: Rede Brasil Atual<\/strong><\/span><\/p>\n","protected":false},"excerpt":{"rendered":"<p>A ex-presidenta da Associa\u00e7\u00e3o dos Banc\u00e1rios Aposentados de S\u00e3o Paulo (Abaesp), Maria da Gl\u00f3ria Abdo, morreu neste domingo (6) na capital paulista, aos 81 anos, depois de anos de luta contra um c\u00e2ncer. Gl\u00f3ria militou no movimento sindical banc\u00e1rio durante toda sua trajet\u00f3ria profissional no setor, iniciada ap\u00f3s ingressar por concurso na Caixa Econ\u00f4mica estadual. [&hellip;]<\/p>\n","protected":false},"author":2,"featured_media":9600,"comment_status":"","ping_status":"","sticky":false,"template":"","format":"standard","meta":{"footnotes":""},"categories":[3],"tags":[],"class_list":["post-9601","post","type-post","status-publish","format-standard","has-post-thumbnail","hentry","category-noticias"],"_links":{"self":[{"href":"https:\/\/hostnetart.com.br\/baixada\/wp-json\/wp\/v2\/posts\/9601","targetHints":{"allow":["GET"]}}],"collection":[{"href":"https:\/\/hostnetart.com.br\/baixada\/wp-json\/wp\/v2\/posts"}],"about":[{"href":"https:\/\/hostnetart.com.br\/baixada\/wp-json\/wp\/v2\/types\/post"}],"author":[{"embeddable":true,"href":"https:\/\/hostnetart.com.br\/baixada\/wp-json\/wp\/v2\/users\/2"}],"replies":[{"embeddable":true,"href":"https:\/\/hostnetart.com.br\/baixada\/wp-json\/wp\/v2\/comments?post=9601"}],"version-history":[{"count":0,"href":"https:\/\/hostnetart.com.br\/baixada\/wp-json\/wp\/v2\/posts\/9601\/revisions"}],"wp:featuredmedia":[{"embeddable":true,"href":"https:\/\/hostnetart.com.br\/baixada\/wp-json\/wp\/v2\/media\/9600"}],"wp:attachment":[{"href":"https:\/\/hostnetart.com.br\/baixada\/wp-json\/wp\/v2\/media?parent=9601"}],"wp:term":[{"taxonomy":"category","embeddable":true,"href":"https:\/\/hostnetart.com.br\/baixada\/wp-json\/wp\/v2\/categories?post=9601"},{"taxonomy":"post_tag","embeddable":true,"href":"https:\/\/hostnetart.com.br\/baixada\/wp-json\/wp\/v2\/tags?post=9601"}],"curies":[{"name":"wp","href":"https:\/\/api.w.org\/{rel}","templated":true}]}}