{"id":9597,"date":"2020-09-05T16:33:48","date_gmt":"2020-09-05T19:33:48","guid":{"rendered":"https:\/\/hostnetart.com.br\/baixada\/bancari-s-assinam-acordo-com-a-fenaban\/"},"modified":"2020-09-05T16:33:48","modified_gmt":"2020-09-05T19:33:48","slug":"bancari-s-assinam-acordo-com-a-fenaban","status":"publish","type":"post","link":"https:\/\/hostnetart.com.br\/baixada\/bancari-s-assinam-acordo-com-a-fenaban\/","title":{"rendered":"Banc\u00e1ri@s assinam acordo com a Fenaban"},"content":{"rendered":"<p>Foi assinada nesta sexta-feira (4) a nova Conven\u00e7\u00e3o Coletiva de Trabalho (CCT) da categoria banc\u00e1ria em todo o pa\u00eds. A assinatura foi poss\u00edvel ap\u00f3s aprova\u00e7\u00e3o em assembleias de banc\u00e1ri@s\u00a0em sindicatos de todo o pa\u00eds do acordo entre o Comando Nacional\u00a0d@s\u00a0Banc\u00e1ri@s\u00a0e a Federa\u00e7\u00e3o Nacional dos Bancos (Fenaban). Tamb\u00e9m foram assinados hoje Acordos Coletivos de Trabalho (ACTs) com o Banco do Brasil e com a Caixa Econ\u00f4mica Federal.<\/p>\n<p>O acordo assinado com a Fenaban garante para este ano reajuste de 1,5% mais abono de R$ 2.000 e a reposi\u00e7\u00e3o do INPC para demais verbas como vale-alimenta\u00e7\u00e3o e vale-refei\u00e7\u00e3o, assim como para os valores fixos e tetos da PLR. Para 2021, haver\u00e1 aumento real de 0,5% (INPC + 0,5%) e aumento real de 0,5% para sal\u00e1rios e (para ver o resumo do acordo,\u00a0<a href=\"https:\/\/contrafcut.com.br\/noticias\/resumo-das-negociacoes-com-a-fenaban\/\">clique aqui<\/a>).<\/p>\n<p>\u201cEsse acordo \u00e9 resultado de muito trabalho, muita negocia\u00e7\u00e3o feita pelo Comando Nacional, que \u00e9 muito plural e tem muita unidade. Representamos em torno de 90% da categoria. Tivemos assembleias virtuais de fechamento com um p\u00fablico recorde votando. Foi com uma representatividade muito grande, com mais de 110 mil banc\u00e1rios que participaram dessas assembleias. Isso \u00e9 muito importante\u201d, falou no evento de assinatura a presidenta da Confedera\u00e7\u00e3o Nacional dos Trabalhadores do Ramos Financeiro (Contraf-CUT), Juvandia Moreira, que \u00e9 uma das coordenadoras do Comando Nacional\u00a0d@s\u00a0Banc\u00e1ri@s.<\/p>\n<p>Presente \u00e0 cerim\u00f4nia de assinatura, o presidente nacional da Central \u00danica dos Trabalhadores (CUT), Sergio Nobre, destacou a import\u00e2ncia do acordo. \u201cVivemos uma crise in\u00e9dita em nosso pa\u00eds e construir um acordo que preserva os sal\u00e1rios por dois anos \u00e9 muito importante. O acordo \u00e9 simb\u00f3lico porque mostra um caminho para as demais categorias. Ressalto que na maioria das categorias ainda se luta pelo direito de se sentar \u00e0 mesa de negocia\u00e7\u00e3o para discutir as demandas\u201d, disse Sergio Nobre.<\/p>\n<p><strong>Campanha virtual<\/strong><\/p>\n<p>Para a presidenta do Sindicato dos Banc\u00e1rios de S\u00e3o Paulo, Osasco e Regi\u00e3o, Ivone Silva, tamb\u00e9m coordenadora do Comando, a organiza\u00e7\u00e3o de uma campanha virtual na categoria foi importante. \u201cOs banc\u00e1rios, no Brasil todo, ficaram satisfeitos porque acompanharam todos os passos da campanha. Fazemos essa organiza\u00e7\u00e3o nacional h\u00e1 muitos anos e nesse momento foi importante porque conseguimos conversar com a categoria em todo o pa\u00eds\u201d, afirmou Ivone Silva.<\/p>\n<p>A realiza\u00e7\u00e3o de uma campanha virtual, em meio \u00e0 pandemia, tamb\u00e9m foi destacada pelo presidente da Federa\u00e7\u00e3o dos Banc\u00e1rios de S\u00e3o Paulo e Mato Grosso do Sul, Jeferson Rubens Boava. \u201cSuperamos um grande desafio, que foi fazer a renegocia\u00e7\u00e3o virtual, que nos permitiu fazer muitas reuni\u00f5es. Entregamos ao banc\u00e1rio aquilo que ele esperava: um acordo de dois anos que d\u00e1 garantia da remunera\u00e7\u00e3o e mantendo a Conven\u00e7\u00e3o Coletiva de Trabalho\u201d falou.<\/p>\n<p>Mesmo \u00e0 dist\u00e2ncia, mas acompanhando o evento por videoconfer\u00eancia, o presidente da Federa\u00e7\u00e3o dos Banc\u00e1rios da Bahia e de Sergipe, Hermelino Neto, falou sobre a import\u00e2ncia pol\u00edtica da campanha. \u201cQueremos reajuste sim, melhores condi\u00e7\u00f5es de trabalho, mas a luta da categoria banc\u00e1ria tamb\u00e9m \u00e9 pela democracia e pela defesa da soberania nacional\u201d, afirmou.<\/p>\n<p>Na mesma linha, falou o coordenador da Federa\u00e7\u00e3o dos Trabalhadores em Institui\u00e7\u00f5es Financeiras de Santa Catarina, Jacir Zimmer. \u201cQuero ressaltar esse sentido da participa\u00e7\u00e3o dos banc\u00e1rios nos mais diversos momentos nas atividades \u00e0 dist\u00e2ncia. A categoria compreendeu esse momento e deu conta do recado\u201d.<\/p>\n<p>O evento ocorreu desde a manh\u00e3 at\u00e9 o final da tarde no hotel Tivoli Mofarrej, em S\u00e3o Paulo. Tamb\u00e9m estavam presentes \u00e0 assinatura representantes da Fenaban e do Comando Nacional\u00a0d@s\u00a0Banc\u00e1ri@s, entre eles o presidente da Federa\u00e7\u00e3o dos Trabalhadores em Empresas de Cr\u00e9dito do Centro Norte, Cleiton dos Santos Silva; o presidente do Sindicato dos Banc\u00e1rios de Alagoas, Lindonjhonson Almeida; o presidente do Sindicato dos Banc\u00e1rios do ABC, Belmiro Moreira; o presidente do Sindicato dos Banc\u00e1rios de Florian\u00f3polis e Regi\u00e3o, Marco Aur\u00e9lio Silveira Silvano, e o vice-presidente do Seeb Campinas, Lourival Rodrigues.<\/p>\n<p><strong>Fonte: Contraf-CUT<\/strong><\/p>\n","protected":false},"excerpt":{"rendered":"<p>Foi assinada nesta sexta-feira (4) a nova Conven\u00e7\u00e3o Coletiva de Trabalho (CCT) da categoria banc\u00e1ria em todo o pa\u00eds. A assinatura foi poss\u00edvel ap\u00f3s aprova\u00e7\u00e3o em assembleias de banc\u00e1ri@s\u00a0em sindicatos de todo o pa\u00eds do acordo entre o Comando Nacional\u00a0d@s\u00a0Banc\u00e1ri@s\u00a0e a Federa\u00e7\u00e3o Nacional dos Bancos (Fenaban). Tamb\u00e9m foram assinados hoje Acordos Coletivos de Trabalho (ACTs) [&hellip;]<\/p>\n","protected":false},"author":2,"featured_media":9596,"comment_status":"","ping_status":"","sticky":false,"template":"","format":"standard","meta":{"footnotes":""},"categories":[3],"tags":[],"class_list":["post-9597","post","type-post","status-publish","format-standard","has-post-thumbnail","hentry","category-noticias"],"_links":{"self":[{"href":"https:\/\/hostnetart.com.br\/baixada\/wp-json\/wp\/v2\/posts\/9597","targetHints":{"allow":["GET"]}}],"collection":[{"href":"https:\/\/hostnetart.com.br\/baixada\/wp-json\/wp\/v2\/posts"}],"about":[{"href":"https:\/\/hostnetart.com.br\/baixada\/wp-json\/wp\/v2\/types\/post"}],"author":[{"embeddable":true,"href":"https:\/\/hostnetart.com.br\/baixada\/wp-json\/wp\/v2\/users\/2"}],"replies":[{"embeddable":true,"href":"https:\/\/hostnetart.com.br\/baixada\/wp-json\/wp\/v2\/comments?post=9597"}],"version-history":[{"count":0,"href":"https:\/\/hostnetart.com.br\/baixada\/wp-json\/wp\/v2\/posts\/9597\/revisions"}],"wp:featuredmedia":[{"embeddable":true,"href":"https:\/\/hostnetart.com.br\/baixada\/wp-json\/wp\/v2\/media\/9596"}],"wp:attachment":[{"href":"https:\/\/hostnetart.com.br\/baixada\/wp-json\/wp\/v2\/media?parent=9597"}],"wp:term":[{"taxonomy":"category","embeddable":true,"href":"https:\/\/hostnetart.com.br\/baixada\/wp-json\/wp\/v2\/categories?post=9597"},{"taxonomy":"post_tag","embeddable":true,"href":"https:\/\/hostnetart.com.br\/baixada\/wp-json\/wp\/v2\/tags?post=9597"}],"curies":[{"name":"wp","href":"https:\/\/api.w.org\/{rel}","templated":true}]}}