{"id":9589,"date":"2020-09-03T13:29:07","date_gmt":"2020-09-03T16:29:07","guid":{"rendered":"https:\/\/hostnetart.com.br\/baixada\/bancari-s-assinam-acordo-com-fenaban-na-sexta-feira-4\/"},"modified":"2020-09-03T13:29:07","modified_gmt":"2020-09-03T16:29:07","slug":"bancari-s-assinam-acordo-com-fenaban-na-sexta-feira-4","status":"publish","type":"post","link":"https:\/\/hostnetart.com.br\/baixada\/bancari-s-assinam-acordo-com-fenaban-na-sexta-feira-4\/","title":{"rendered":"Banc\u00e1ri@s assinam acordo com Fenaban na sexta-feira (4)"},"content":{"rendered":"<p>O Comando Nacional\u00a0d@s\u00a0Banc\u00e1ri@s\u00a0e a Federa\u00e7\u00e3o Nacional dos Bancos v\u00e3o assinar nesta sexta-feira (4) a nova Conven\u00e7\u00e3o Coletiva de Trabalho (CCT). O acordo garante reajuste salarial e abono de R$ 2 mil em 2020, al\u00e9m da manuten\u00e7\u00e3o dos direitos da Conven\u00e7\u00e3o Coletiva. Para 2021, o acordo garante a reposi\u00e7\u00e3o do INPC acumulado no per\u00edodo (1\u00ba de setembro de 2020 a 31 de agosto de 2021) e aumento real de 0,5% para sal\u00e1rios e demais verbas como vale-alimenta\u00e7\u00e3o e vale-refei\u00e7\u00e3o, assim como para os valores fixos e tetos da PLR.<\/p>\n<p>O acordo ser\u00e1 assinado na sexta-feira para que os bancos possam se organizar para efetuar o pagamento. O acordo para a CCT foi aprovado em sindicatos da categoria banc\u00e1ria de todo o pa\u00eds na segunda-feira (31).<\/p>\n<p><strong>Fonte: Contraf-CUT<\/strong><\/p>\n","protected":false},"excerpt":{"rendered":"<p>O Comando Nacional\u00a0d@s\u00a0Banc\u00e1ri@s\u00a0e a Federa\u00e7\u00e3o Nacional dos Bancos v\u00e3o assinar nesta sexta-feira (4) a nova Conven\u00e7\u00e3o Coletiva de Trabalho (CCT). O acordo garante reajuste salarial e abono de R$ 2 mil em 2020, al\u00e9m da manuten\u00e7\u00e3o dos direitos da Conven\u00e7\u00e3o Coletiva. Para 2021, o acordo garante a reposi\u00e7\u00e3o do INPC acumulado no per\u00edodo (1\u00ba de [&hellip;]<\/p>\n","protected":false},"author":2,"featured_media":9588,"comment_status":"","ping_status":"","sticky":false,"template":"","format":"standard","meta":{"footnotes":""},"categories":[3],"tags":[],"class_list":["post-9589","post","type-post","status-publish","format-standard","has-post-thumbnail","hentry","category-noticias"],"_links":{"self":[{"href":"https:\/\/hostnetart.com.br\/baixada\/wp-json\/wp\/v2\/posts\/9589","targetHints":{"allow":["GET"]}}],"collection":[{"href":"https:\/\/hostnetart.com.br\/baixada\/wp-json\/wp\/v2\/posts"}],"about":[{"href":"https:\/\/hostnetart.com.br\/baixada\/wp-json\/wp\/v2\/types\/post"}],"author":[{"embeddable":true,"href":"https:\/\/hostnetart.com.br\/baixada\/wp-json\/wp\/v2\/users\/2"}],"replies":[{"embeddable":true,"href":"https:\/\/hostnetart.com.br\/baixada\/wp-json\/wp\/v2\/comments?post=9589"}],"version-history":[{"count":0,"href":"https:\/\/hostnetart.com.br\/baixada\/wp-json\/wp\/v2\/posts\/9589\/revisions"}],"wp:featuredmedia":[{"embeddable":true,"href":"https:\/\/hostnetart.com.br\/baixada\/wp-json\/wp\/v2\/media\/9588"}],"wp:attachment":[{"href":"https:\/\/hostnetart.com.br\/baixada\/wp-json\/wp\/v2\/media?parent=9589"}],"wp:term":[{"taxonomy":"category","embeddable":true,"href":"https:\/\/hostnetart.com.br\/baixada\/wp-json\/wp\/v2\/categories?post=9589"},{"taxonomy":"post_tag","embeddable":true,"href":"https:\/\/hostnetart.com.br\/baixada\/wp-json\/wp\/v2\/tags?post=9589"}],"curies":[{"name":"wp","href":"https:\/\/api.w.org\/{rel}","templated":true}]}}