{"id":9585,"date":"2020-09-03T13:25:45","date_gmt":"2020-09-03T16:25:45","guid":{"rendered":"https:\/\/hostnetart.com.br\/baixada\/bancarios-do-itau-recebem-pcr-no-mesmo-dia-da-plr\/"},"modified":"2020-09-03T13:25:45","modified_gmt":"2020-09-03T16:25:45","slug":"bancarios-do-itau-recebem-pcr-no-mesmo-dia-da-plr","status":"publish","type":"post","link":"https:\/\/hostnetart.com.br\/baixada\/bancarios-do-itau-recebem-pcr-no-mesmo-dia-da-plr\/","title":{"rendered":"Banc\u00e1rios do Ita\u00fa recebem PCR no mesmo dia da PLR"},"content":{"rendered":"<p>Os banc\u00e1rios do Ita\u00fa receber\u00e3o o pagamento do Programa Complementar de Resultados (PCR) no mesmo dia que for paga a Participa\u00e7\u00e3o nos Lucros e Resultados (PLR). O valor de R$ 2.900, 00 ser\u00e1 reajustado pelo \u00edndice de 1,5% acertado na Campanha Nacional 2020, chegando a R$ 2.943,50.<\/p>\n<p>Jair Alves, coordenador da Comiss\u00e3o de Organiza\u00e7\u00e3o dos Empregados (COE) do Ita\u00fa, lembra que o PCR \u00e9 uma conquista dos banc\u00e1rios do Ita\u00fa, em negocia\u00e7\u00e3o iniciada em 2003, e mantida no acordo bianual espec\u00edfico para a verba, reajustado pelo \u00edndice conquistado na Campanha Nacional 2020.<\/p>\n<p>\u201cO PCR \u00e9 uma conquista muito importante dos funcion\u00e1rios do Ita\u00fa. Todos os anos buscamos melhorar a verba, em cima do lucro do banco, que cresce, gra\u00e7as ao esfor\u00e7o dos trabalhadores\u201d, afirmou Jair Alves, coordenador da Comiss\u00e3o de Organiza\u00e7\u00e3o dos Empregados (COE) do Ita\u00fa.<\/p>\n<p>Com o fim da Campanha Nacional 2020, o movimento sindical vai procurar o Ita\u00fa para negociar o PCR de 2021 e de 2022.<\/p>\n<p><strong>Fonte: Contraf-CUT<\/strong><\/p>\n<figure class=\"wp-block-image size-large\"><img fetchpriority=\"high\" decoding=\"async\" class=\"wp-image-283441\" src=\"https:\/\/contrafcut.com.br\/wp-content\/uploads\/2020\/09\/whatsapp-image-2020-09-01-at-16-13-51.jpeg\" sizes=\"(max-width: 1226px) 100vw, 1226px\" srcset=\"https:\/\/contrafcut.com.br\/wp-content\/uploads\/2020\/09\/whatsapp-image-2020-09-01-at-16-13-51.jpeg 1226w, https:\/\/contrafcut.com.br\/wp-content\/uploads\/2020\/09\/whatsapp-image-2020-09-01-at-16-13-51-220x230.jpeg 220w, https:\/\/contrafcut.com.br\/wp-content\/uploads\/2020\/09\/whatsapp-image-2020-09-01-at-16-13-51-768x802.jpeg 768w\" alt=\"\" width=\"1226\" height=\"1280\" \/><\/figure>\n","protected":false},"excerpt":{"rendered":"<p>Os banc\u00e1rios do Ita\u00fa receber\u00e3o o pagamento do Programa Complementar de Resultados (PCR) no mesmo dia que for paga a Participa\u00e7\u00e3o nos Lucros e Resultados (PLR). O valor de R$ 2.900, 00 ser\u00e1 reajustado pelo \u00edndice de 1,5% acertado na Campanha Nacional 2020, chegando a R$ 2.943,50. Jair Alves, coordenador da Comiss\u00e3o de Organiza\u00e7\u00e3o dos [&hellip;]<\/p>\n","protected":false},"author":2,"featured_media":9584,"comment_status":"","ping_status":"","sticky":false,"template":"","format":"standard","meta":{"footnotes":""},"categories":[3],"tags":[],"class_list":["post-9585","post","type-post","status-publish","format-standard","has-post-thumbnail","hentry","category-noticias"],"_links":{"self":[{"href":"https:\/\/hostnetart.com.br\/baixada\/wp-json\/wp\/v2\/posts\/9585","targetHints":{"allow":["GET"]}}],"collection":[{"href":"https:\/\/hostnetart.com.br\/baixada\/wp-json\/wp\/v2\/posts"}],"about":[{"href":"https:\/\/hostnetart.com.br\/baixada\/wp-json\/wp\/v2\/types\/post"}],"author":[{"embeddable":true,"href":"https:\/\/hostnetart.com.br\/baixada\/wp-json\/wp\/v2\/users\/2"}],"replies":[{"embeddable":true,"href":"https:\/\/hostnetart.com.br\/baixada\/wp-json\/wp\/v2\/comments?post=9585"}],"version-history":[{"count":0,"href":"https:\/\/hostnetart.com.br\/baixada\/wp-json\/wp\/v2\/posts\/9585\/revisions"}],"wp:featuredmedia":[{"embeddable":true,"href":"https:\/\/hostnetart.com.br\/baixada\/wp-json\/wp\/v2\/media\/9584"}],"wp:attachment":[{"href":"https:\/\/hostnetart.com.br\/baixada\/wp-json\/wp\/v2\/media?parent=9585"}],"wp:term":[{"taxonomy":"category","embeddable":true,"href":"https:\/\/hostnetart.com.br\/baixada\/wp-json\/wp\/v2\/categories?post=9585"},{"taxonomy":"post_tag","embeddable":true,"href":"https:\/\/hostnetart.com.br\/baixada\/wp-json\/wp\/v2\/tags?post=9585"}],"curies":[{"name":"wp","href":"https:\/\/api.w.org\/{rel}","templated":true}]}}