{"id":9583,"date":"2020-09-03T13:24:08","date_gmt":"2020-09-03T16:24:08","guid":{"rendered":"https:\/\/hostnetart.com.br\/baixada\/juvandia-fala-sobre-acordo-aprovado-pela-categoria\/"},"modified":"2020-09-03T13:24:08","modified_gmt":"2020-09-03T16:24:08","slug":"juvandia-fala-sobre-acordo-aprovado-pela-categoria","status":"publish","type":"post","link":"https:\/\/hostnetart.com.br\/baixada\/juvandia-fala-sobre-acordo-aprovado-pela-categoria\/","title":{"rendered":"Juvandia fala sobre acordo aprovado pela categoria"},"content":{"rendered":"<p>A presidenta da Confedera\u00e7\u00e3o Nacional dos Trabalhadores do Ramo financeiro (Contraf-CUT), Juvandia Moreira, deu uma entrevista para a R\u00e1dio Brasil Atual, no Jornal Brasil Atual, programa tamb\u00e9m transmitido pela TVT, na manh\u00e3 desta ter\u00e7a-feira (1). Juvandia falou para o jornalista Glauco Faria sobre a campanha da categoria, que se encerrou na segunda-feira, com a aprova\u00e7\u00e3o do acordo negociado pelo Comando Nacional\u00a0d@s\u00a0Banc\u00e1ri@s\u00a0com a Federa\u00e7\u00e3o Nacional dos Bancos (Fenaban).<\/p>\n<p>O acordo garante reajuste salarial e abono de R$ 2 mil em 2020, aumento real em 2021, al\u00e9m da manuten\u00e7\u00e3o dos direitos da Conven\u00e7\u00e3o Coletiva e dos acordos espec\u00edficos dos bancos p\u00fablicos.<\/p>\n<p><a href=\"https:\/\/youtu.be\/4cxWy8pklIE\">Para ver a entrevista, clique aqui.<\/a><\/p>\n<p><strong>Fonte: Contraf-CUT<\/strong><\/p>\n","protected":false},"excerpt":{"rendered":"<p>A presidenta da Confedera\u00e7\u00e3o Nacional dos Trabalhadores do Ramo financeiro (Contraf-CUT), Juvandia Moreira, deu uma entrevista para a R\u00e1dio Brasil Atual, no Jornal Brasil Atual, programa tamb\u00e9m transmitido pela TVT, na manh\u00e3 desta ter\u00e7a-feira (1). Juvandia falou para o jornalista Glauco Faria sobre a campanha da categoria, que se encerrou na segunda-feira, com a aprova\u00e7\u00e3o [&hellip;]<\/p>\n","protected":false},"author":2,"featured_media":9582,"comment_status":"","ping_status":"","sticky":false,"template":"","format":"standard","meta":{"footnotes":""},"categories":[3],"tags":[],"class_list":["post-9583","post","type-post","status-publish","format-standard","has-post-thumbnail","hentry","category-noticias"],"_links":{"self":[{"href":"https:\/\/hostnetart.com.br\/baixada\/wp-json\/wp\/v2\/posts\/9583","targetHints":{"allow":["GET"]}}],"collection":[{"href":"https:\/\/hostnetart.com.br\/baixada\/wp-json\/wp\/v2\/posts"}],"about":[{"href":"https:\/\/hostnetart.com.br\/baixada\/wp-json\/wp\/v2\/types\/post"}],"author":[{"embeddable":true,"href":"https:\/\/hostnetart.com.br\/baixada\/wp-json\/wp\/v2\/users\/2"}],"replies":[{"embeddable":true,"href":"https:\/\/hostnetart.com.br\/baixada\/wp-json\/wp\/v2\/comments?post=9583"}],"version-history":[{"count":0,"href":"https:\/\/hostnetart.com.br\/baixada\/wp-json\/wp\/v2\/posts\/9583\/revisions"}],"wp:featuredmedia":[{"embeddable":true,"href":"https:\/\/hostnetart.com.br\/baixada\/wp-json\/wp\/v2\/media\/9582"}],"wp:attachment":[{"href":"https:\/\/hostnetart.com.br\/baixada\/wp-json\/wp\/v2\/media?parent=9583"}],"wp:term":[{"taxonomy":"category","embeddable":true,"href":"https:\/\/hostnetart.com.br\/baixada\/wp-json\/wp\/v2\/categories?post=9583"},{"taxonomy":"post_tag","embeddable":true,"href":"https:\/\/hostnetart.com.br\/baixada\/wp-json\/wp\/v2\/tags?post=9583"}],"curies":[{"name":"wp","href":"https:\/\/api.w.org\/{rel}","templated":true}]}}