{"id":9581,"date":"2020-09-02T19:04:59","date_gmt":"2020-09-02T22:04:59","guid":{"rendered":"https:\/\/hostnetart.com.br\/baixada\/quinta-feira-3-tem-assembleia-dos-funcionarios-do-santander-e-da-aymore\/"},"modified":"2020-09-02T19:04:59","modified_gmt":"2020-09-02T22:04:59","slug":"quinta-feira-3-tem-assembleia-dos-funcionarios-do-santander-e-da-aymore","status":"publish","type":"post","link":"https:\/\/hostnetart.com.br\/baixada\/quinta-feira-3-tem-assembleia-dos-funcionarios-do-santander-e-da-aymore\/","title":{"rendered":"Assembleia dos funcion\u00e1rios do Santander \u00e9 nesta quinta-feira (3)"},"content":{"rendered":"<p>O Sindicato dos Banc\u00e1rios da Baixada Fluminense e sindicatos de banc\u00e1rios e financi\u00e1rios de todo o pa\u00eds realizam, nesta quinta-feira (3), assembleia espec\u00edfica dos funcion\u00e1rios do Banco Santander, que s\u00e3o chamados a apreciar os acordos coletivos do\u00a0<a href=\"https:\/\/contrafcut.com.br\/minuta-act-banco-de-horas-negativo_final__31-08-2020-1\/\" target=\"_blank\" rel=\"noopener noreferrer\">banco de horas negativas<\/a>\u00a0do per\u00edodo da pandemia de Covid-19 e os aditivos do Programa de Participa\u00e7\u00e3o nos Resultados Santander (PPRS), tanto\u00a0<a href=\"https:\/\/contrafcut.com.br\/wp-content\/uploads\/2020\/09\/minuta-act-aditivo-ao-act-de-pprs-bienio-2020-2021-31-08-2020-1.pdf\" target=\"_blank\" rel=\"noopener noreferrer\">o do banco<\/a>\u00a0quanto\u00a0<a href=\"https:\/\/contrafcut.com.br\/minuta-act-aditivo-ao-act-de-pprs-bienio-2020-2021-financeira-31-08-2020-2\/\" target=\"_blank\" rel=\"noopener noreferrer\">o da financeira<\/a>.<\/p>\n<p>Para votar, basta acessar:\u00a0<a href=\"https:\/\/bancarios.votabem.com.br\/\">https:\/\/bancarios.votabem.com.br\/<\/a><\/p>\n<p>A vota\u00e7\u00e3o ser\u00e1 por meio eletr\u00f4nico, das 8h \u00e0s 20h, e tamb\u00e9m estar\u00e1 dispon\u00edvel em nosso site.<\/p>\n<p>O Sindicato e a Confedera\u00e7\u00e3o Nacional dos Trabalhadores do Ramo Financeiro (Contraf-CUT) orientam a aprova\u00e7\u00e3o dos acordos.<\/p>\n<h3><strong>Banco de horas<\/strong><\/h3>\n<p>\u201cAs negocia\u00e7\u00f5es n\u00e3o foram nada f\u00e1ceis. Mas, conseguimos chegar a um acordo que traz tranquilidade para que os banc\u00e1rios que tiveram que usar o banco de horas negativas possam fazer a compensa\u00e7\u00e3o durante todo o ano de 2021 e permite que 10% das horas negativas n\u00e3o precisem ser compensadas\u201d, explicou o secret\u00e1rio de Assuntos Socioecon\u00f4micos e representante da Confedera\u00e7\u00e3o Nacional dos Trabalhadores do Ramo Financeiro (Contraf-CUT) na mesa de negocia\u00e7\u00f5es com o banco, Mario Raia.<\/p>\n<p>\u201cQuer\u00edamos que o banco concedesse o abono total das horas, por se tratar de um afastamento devido a uma quest\u00e3o de sa\u00fade p\u00fablica. Mas, vivemos uma conjuntura adversa em nosso pa\u00eds e n\u00e3o conseguimos avan\u00e7ar neste sentido. Vamos continuar lutando para que nenhum funcion\u00e1rio seja penalizado caso n\u00e3o haja possibilidades de compensa\u00e7\u00e3o total das horas\u201d, destacou o dirigente da Contraf-CUT.<\/p>\n<h3><strong>100% da regra b\u00e1sica da PLR<\/strong><\/h3>\n<p>O acordo permite que o Santander antecipe para 30 de setembro o pagamento da regra integral da PLR. Ou seja, caso o acordo seja aprovado, j\u00e1 no dia 30 os banc\u00e1rios receber\u00e3o a parcela referente \u00e0 regra b\u00e1sica da PLR: 90% do sal\u00e1rio, mais parcela adicional de R$ 2.457,29, mais parcela fixa de 2.457,29 (correspondente ao lucro do primeiro semestre de 2020), com o teto de R$ 13.182,18.<\/p>\n<p>Pelo acordo, o Santander efetuar\u00e1 o pagamento at\u00e9 3 de mar\u00e7o de 2021 do PPRS, mais a diferen\u00e7a nas parcelas adicionais e fixas correspondente ao lucro do segundo semestre.<\/p>\n","protected":false},"excerpt":{"rendered":"<p>O Sindicato dos Banc\u00e1rios da Baixada Fluminense e sindicatos de banc\u00e1rios e financi\u00e1rios de todo o pa\u00eds realizam, nesta quinta-feira (3), assembleia espec\u00edfica dos funcion\u00e1rios do Banco Santander, que s\u00e3o chamados a apreciar os acordos coletivos do\u00a0banco de horas negativas\u00a0do per\u00edodo da pandemia de Covid-19 e os aditivos do Programa de Participa\u00e7\u00e3o nos Resultados Santander [&hellip;]<\/p>\n","protected":false},"author":2,"featured_media":9580,"comment_status":"","ping_status":"","sticky":false,"template":"","format":"standard","meta":{"footnotes":""},"categories":[8],"tags":[],"class_list":["post-9581","post","type-post","status-publish","format-standard","has-post-thumbnail","hentry","category-bancarios"],"_links":{"self":[{"href":"https:\/\/hostnetart.com.br\/baixada\/wp-json\/wp\/v2\/posts\/9581","targetHints":{"allow":["GET"]}}],"collection":[{"href":"https:\/\/hostnetart.com.br\/baixada\/wp-json\/wp\/v2\/posts"}],"about":[{"href":"https:\/\/hostnetart.com.br\/baixada\/wp-json\/wp\/v2\/types\/post"}],"author":[{"embeddable":true,"href":"https:\/\/hostnetart.com.br\/baixada\/wp-json\/wp\/v2\/users\/2"}],"replies":[{"embeddable":true,"href":"https:\/\/hostnetart.com.br\/baixada\/wp-json\/wp\/v2\/comments?post=9581"}],"version-history":[{"count":0,"href":"https:\/\/hostnetart.com.br\/baixada\/wp-json\/wp\/v2\/posts\/9581\/revisions"}],"wp:featuredmedia":[{"embeddable":true,"href":"https:\/\/hostnetart.com.br\/baixada\/wp-json\/wp\/v2\/media\/9580"}],"wp:attachment":[{"href":"https:\/\/hostnetart.com.br\/baixada\/wp-json\/wp\/v2\/media?parent=9581"}],"wp:term":[{"taxonomy":"category","embeddable":true,"href":"https:\/\/hostnetart.com.br\/baixada\/wp-json\/wp\/v2\/categories?post=9581"},{"taxonomy":"post_tag","embeddable":true,"href":"https:\/\/hostnetart.com.br\/baixada\/wp-json\/wp\/v2\/tags?post=9581"}],"curies":[{"name":"wp","href":"https:\/\/api.w.org\/{rel}","templated":true}]}}