{"id":958,"date":"2014-04-04T00:00:00","date_gmt":"2014-04-04T03:00:00","guid":{"rendered":"https:\/\/hostnetart.com.br\/baixada\/contraf-cut-cobra-direito-dos-bancarios-do-bb-a-vacinacao-contra-a-gripe\/"},"modified":"2014-04-04T00:00:00","modified_gmt":"2014-04-04T03:00:00","slug":"contraf-cut-cobra-direito-dos-bancarios-do-bb-a-vacinacao-contra-a-gripe","status":"publish","type":"post","link":"https:\/\/hostnetart.com.br\/baixada\/contraf-cut-cobra-direito-dos-bancarios-do-bb-a-vacinacao-contra-a-gripe\/","title":{"rendered":"Contraf-CUT cobra direito dos banc\u00e1rios do BB \u00e0 vacina\u00e7\u00e3o contra a gripe"},"content":{"rendered":"<p>Durante a rodada de negocia\u00e7\u00e3o ocorrida nesta quarta-feira (2) com o Banco do Brasil, em Bras\u00edlia, a Contraf-CUT, federa\u00e7\u00f5es e sindicatos cobraram o direito dos funcion\u00e1rios \u00e0 vacina\u00e7\u00e3o contra a gripe, conforme compromisso assumido pelo BB na Campanha Nacional 2013. Isto porque as entidades sindicais descobriram, atrav\u00e9s de reclama\u00e7\u00f5es dos banc\u00e1rios, que o banco ainda n\u00e3o havia disponibilizado as vacinas.<\/p>\n<p>A maioria das empresas que promove campanhas de vacina\u00e7\u00e3o contra a gripe j\u00e1 possui e\/ou j\u00e1 divulgou o cronograma de 2014, por\u00e9m o BB ainda est\u00e1 paralisado.<\/p>\n<p>\u201cS\u00e3o mais de 100 mil funcion\u00e1rios para serem vacinados e uma defini\u00e7\u00e3o tardia do cronograma de vacina\u00e7\u00e3o pode comprometer a sua efic\u00e1cia\u201d, alerta William Mendes, secret\u00e1rio de forma\u00e7\u00e3o da Contraf-CUT e coordenador da Comiss\u00e3o de Empresa dos Funcion\u00e1rios do BB.<\/p>\n<p>A vacina contra a gripe come\u00e7a a fazer efeito cerca de 15 dias ap\u00f3s a vacina\u00e7\u00e3o, quando j\u00e1 aparecem os anticorpos que dar\u00e3o a prote\u00e7\u00e3o contra a gripe, sendo que tal prote\u00e7\u00e3o m\u00e1xima ser\u00e1 atingida ap\u00f3s aproximadamente 45 dias.<\/p>\n<p>A Contraf-CUT tamb\u00e9m encaminhou nesta quarta-feira um of\u00edcio ao BB, reivindicando a pronta solu\u00e7\u00e3o do problema. Na negocia\u00e7\u00e3o, a dire\u00e7\u00e3o do banco afirmou que o problema ser\u00e1 resolvido j\u00e1 na pr\u00f3xima semana.<\/p>\n<p>\u201cOs banc\u00e1rios devem acompanhar junto com as entidades sindicais se a vacina\u00e7\u00e3o contra a gripe estar\u00e1 dispon\u00edvel a partir da pr\u00f3xima semana. Os trabalhadores s\u00e3o os nossos olhos, ap\u00f3s conquistarmos um direito coletivo na luta. \u00c9 fundamental que cada banc\u00e1ria e banc\u00e1rio se apropriem dele e fa\u00e7am o direito valer. Qualquer problema que o funcion\u00e1rio ainda encontrar ap\u00f3s a semana que vem para utilizar o direito conquistado, deve ser repassado para o sindicato de sua base\u201d, orienta William.<\/p>\n<p>Fonte: Contraf-CUT<\/p>\n","protected":false},"excerpt":{"rendered":"<p>Durante a rodada de negocia\u00e7\u00e3o ocorrida nesta quarta-feira (2) com o Banco do Brasil, em Bras\u00edlia, a Contraf-CUT, federa\u00e7\u00f5es e sindicatos cobraram o direito dos funcion\u00e1rios \u00e0 vacina\u00e7\u00e3o contra a gripe, conforme compromisso assumido pelo BB na Campanha Nacional 2013. Isto porque as entidades sindicais descobriram, atrav\u00e9s de reclama\u00e7\u00f5es dos banc\u00e1rios, que o banco ainda [&hellip;]<\/p>\n","protected":false},"author":1,"featured_media":0,"comment_status":"","ping_status":"","sticky":false,"template":"","format":"standard","meta":{"footnotes":""},"categories":[3],"tags":[],"class_list":["post-958","post","type-post","status-publish","format-standard","hentry","category-noticias"],"_links":{"self":[{"href":"https:\/\/hostnetart.com.br\/baixada\/wp-json\/wp\/v2\/posts\/958","targetHints":{"allow":["GET"]}}],"collection":[{"href":"https:\/\/hostnetart.com.br\/baixada\/wp-json\/wp\/v2\/posts"}],"about":[{"href":"https:\/\/hostnetart.com.br\/baixada\/wp-json\/wp\/v2\/types\/post"}],"author":[{"embeddable":true,"href":"https:\/\/hostnetart.com.br\/baixada\/wp-json\/wp\/v2\/users\/1"}],"replies":[{"embeddable":true,"href":"https:\/\/hostnetart.com.br\/baixada\/wp-json\/wp\/v2\/comments?post=958"}],"version-history":[{"count":0,"href":"https:\/\/hostnetart.com.br\/baixada\/wp-json\/wp\/v2\/posts\/958\/revisions"}],"wp:attachment":[{"href":"https:\/\/hostnetart.com.br\/baixada\/wp-json\/wp\/v2\/media?parent=958"}],"wp:term":[{"taxonomy":"category","embeddable":true,"href":"https:\/\/hostnetart.com.br\/baixada\/wp-json\/wp\/v2\/categories?post=958"},{"taxonomy":"post_tag","embeddable":true,"href":"https:\/\/hostnetart.com.br\/baixada\/wp-json\/wp\/v2\/tags?post=958"}],"curies":[{"name":"wp","href":"https:\/\/api.w.org\/{rel}","templated":true}]}}