{"id":9571,"date":"2020-09-01T14:24:32","date_gmt":"2020-09-01T17:24:32","guid":{"rendered":"https:\/\/hostnetart.com.br\/baixada\/presidenta-da-contraf-fala-sobre-acordo-aprovado-na-radio-brasil-atual\/"},"modified":"2020-09-01T14:24:32","modified_gmt":"2020-09-01T17:24:32","slug":"presidenta-da-contraf-fala-sobre-acordo-aprovado-na-radio-brasil-atual","status":"publish","type":"post","link":"https:\/\/hostnetart.com.br\/baixada\/presidenta-da-contraf-fala-sobre-acordo-aprovado-na-radio-brasil-atual\/","title":{"rendered":"Presidenta da Contraf fala sobre acordo aprovado na R\u00e1dio Brasil Atual"},"content":{"rendered":"<p>A presidenta da Confedera\u00e7\u00e3o Nacional dos Trabalhadores do Ramo financeiro (Contraf-CUT), Juvandia Moreira, ser\u00e1 entrevistada nesta ter\u00e7a-feira (1), logo mais \u00e0s 8h30, na R\u00e1dio Brasil Atual. Juvandia vai falar sobre o acordo que foi aprovado na noite desta segunda-feira (31) por sindicatos da categoria banc\u00e1ria de todo o pa\u00eds e que foi negociado pelo Comando Nacional\u00a0d@s\u00a0Banc\u00e1ri@s\u00a0com a Federa\u00e7\u00e3o Nacional dos Bancos (Fenaban).<\/p>\n<p>O acordo garante reajuste salarial e abono de R$ 2 mil em 2020, aumento real em 2021, al\u00e9m da manuten\u00e7\u00e3o dos direitos da Conven\u00e7\u00e3o Coletiva e dos acordos espec\u00edficos dos bancos p\u00fablicos.<\/p>\n<p>Para ouvir a entrevista, clique\u00a0<strong><a href=\"https:\/\/www.redebrasilatual.com.br\/radio\/\">aqui<\/a><\/strong>.<\/p>\n<p><strong>Fonte: Contraf-CUT<\/strong><\/p>\n","protected":false},"excerpt":{"rendered":"<p>A presidenta da Confedera\u00e7\u00e3o Nacional dos Trabalhadores do Ramo financeiro (Contraf-CUT), Juvandia Moreira, ser\u00e1 entrevistada nesta ter\u00e7a-feira (1), logo mais \u00e0s 8h30, na R\u00e1dio Brasil Atual. Juvandia vai falar sobre o acordo que foi aprovado na noite desta segunda-feira (31) por sindicatos da categoria banc\u00e1ria de todo o pa\u00eds e que foi negociado pelo Comando [&hellip;]<\/p>\n","protected":false},"author":2,"featured_media":9570,"comment_status":"","ping_status":"","sticky":false,"template":"","format":"standard","meta":{"footnotes":""},"categories":[3],"tags":[],"class_list":["post-9571","post","type-post","status-publish","format-standard","has-post-thumbnail","hentry","category-noticias"],"_links":{"self":[{"href":"https:\/\/hostnetart.com.br\/baixada\/wp-json\/wp\/v2\/posts\/9571","targetHints":{"allow":["GET"]}}],"collection":[{"href":"https:\/\/hostnetart.com.br\/baixada\/wp-json\/wp\/v2\/posts"}],"about":[{"href":"https:\/\/hostnetart.com.br\/baixada\/wp-json\/wp\/v2\/types\/post"}],"author":[{"embeddable":true,"href":"https:\/\/hostnetart.com.br\/baixada\/wp-json\/wp\/v2\/users\/2"}],"replies":[{"embeddable":true,"href":"https:\/\/hostnetart.com.br\/baixada\/wp-json\/wp\/v2\/comments?post=9571"}],"version-history":[{"count":0,"href":"https:\/\/hostnetart.com.br\/baixada\/wp-json\/wp\/v2\/posts\/9571\/revisions"}],"wp:featuredmedia":[{"embeddable":true,"href":"https:\/\/hostnetart.com.br\/baixada\/wp-json\/wp\/v2\/media\/9570"}],"wp:attachment":[{"href":"https:\/\/hostnetart.com.br\/baixada\/wp-json\/wp\/v2\/media?parent=9571"}],"wp:term":[{"taxonomy":"category","embeddable":true,"href":"https:\/\/hostnetart.com.br\/baixada\/wp-json\/wp\/v2\/categories?post=9571"},{"taxonomy":"post_tag","embeddable":true,"href":"https:\/\/hostnetart.com.br\/baixada\/wp-json\/wp\/v2\/tags?post=9571"}],"curies":[{"name":"wp","href":"https:\/\/api.w.org\/{rel}","templated":true}]}}