{"id":9569,"date":"2020-09-01T14:07:37","date_gmt":"2020-09-01T17:07:37","guid":{"rendered":"https:\/\/hostnetart.com.br\/baixada\/bancari-s-aprovam-acordo-com-reajuste-e-todos-os-direitos-da-cct\/"},"modified":"2020-09-01T14:07:37","modified_gmt":"2020-09-01T17:07:37","slug":"bancari-s-aprovam-acordo-com-reajuste-e-todos-os-direitos-da-cct","status":"publish","type":"post","link":"https:\/\/hostnetart.com.br\/baixada\/bancari-s-aprovam-acordo-com-reajuste-e-todos-os-direitos-da-cct\/","title":{"rendered":"Banc\u00e1ri@s aprovam acordo com reajuste e todos os direitos da CCT"},"content":{"rendered":"<p>Por ampla maioria, em todo o pa\u00eds banc\u00e1ri@s\u00a0aprovaram a Conven\u00e7\u00e3o Coletiva de Trabalho Nacional (CCT) que garante direitos para os banc\u00e1rios de norte a sul do Brasil. A categoria aprovou a proposta final negociada pelo Comando Nacional\u00a0d@s\u00a0Banc\u00e1ri@s\u00a0com a Federa\u00e7\u00e3o Nacional dos Bancos (Fenaban). Tamb\u00e9m foram aprovados os acordos coletivos dos bancos p\u00fablicos (Caixa, Banco do Brasil, Banrisul e Banco do Nordeste).<\/p>\n<p>O acordo garante reajuste salarial e abono de R$ 2 mil em 2020, aumento real em 2021, al\u00e9m da manuten\u00e7\u00e3o dos direitos da Conven\u00e7\u00e3o Coletiva e dos acordos espec\u00edficos dos bancos p\u00fablicos. O resultado da negocia\u00e7\u00e3o foi positivo para a categoria banc\u00e1ria de acordo com a presidenta da Confedera\u00e7\u00e3o Nacional dos Trabalhadores do Ramo Financeiro (Contraf-CUT), Juvandia Moreira.<\/p>\n<p>\u201cNa conjuntura que a gente fez a campanha, de pandemia, de crise econ\u00f4mica, desemprego, de um governo de extrema direita e que ataca direitos, o resultado dessa campanha \u00e9 muito bom. A categoria manteve todos os direitos. Isso se d\u00e1 gra\u00e7as \u00e0 nossa organiza\u00e7\u00e3o nacional\u201d, avaliou Juvandia, coordenadora do Comando Nacional dos Banc\u00e1rios, que negociou com a Fenaban.<\/p>\n<p>Para 2021, o acordo garante a reposi\u00e7\u00e3o do INPC acumulado no per\u00edodo (1\u00ba de setembro de 2020 a 31 de agosto de 2021) e aumento real de 0,5% para sal\u00e1rios e demais verbas como vale-alimenta\u00e7\u00e3o e vale-refei\u00e7\u00e3o, assim como para os valores fixos e tetos da PLR. A proposta prev\u00ea ainda a manuten\u00e7\u00e3o de todas as cl\u00e1usulas da Conven\u00e7\u00e3o Coletiva de Trabalho e dos acordos espec\u00edficos de bancos p\u00fablicos por dois anos.<\/p>\n<p>Apurados os votos de 89 sindicatos da categoria, que fizeram a vota\u00e7\u00e3o pelo sistema digital Votabem, a proposta acordada entre o Comando Nacional e a Fenaban obteve aprova\u00e7\u00e3o de 93%. As assembleias tamb\u00e9m apuraram a aprova\u00e7\u00e3o dos acordos espec\u00edficos firmados na negocia\u00e7\u00e3o com os bancos p\u00fablicos. Funcion\u00e1rios do Banco do Brasil registraram \u00edndice de 83,68% de aprova\u00e7\u00e3o. Na Caixa Econ\u00f4mica Federal, a aprova\u00e7\u00e3o foi de 70,82%; no BNB, de 88,86% e no Banrisul, de 94,44%.<\/p>\n<p><strong>Todos ganham<\/strong><\/p>\n<p>O acordo vai ajudar a economia brasileira. Reajustes de sal\u00e1rios, vales e da Participa\u00e7\u00e3o nos Lucros e Resultados (PLR) ter\u00e3o um valor total de R$ 8.098.464.934,10, de acordo com dados do Departamento Intersindical de Estudos e Estat\u00edsticas Socioecon\u00f4micas (Dieese). Somente o impacto da PLR \u00e9 de R$ 6.211.796.397,21 na economia. O reajuste salarial, inclu\u00eddo o abono, vai implicar na inje\u00e7\u00e3o de outros R$ 757.064.915,60.<\/p>\n<p>Restaurantes, lanchonetes e supermercados de todo o pa\u00eds tamb\u00e9m ter\u00e3o um al\u00edvio com a inje\u00e7\u00e3o de outros R$ 223.047.621,29, referentes ao reajuste dos vales refei\u00e7\u00e3o e alimenta\u00e7\u00e3o. \u201cQuando o trabalhador ganha, toda a sociedade ganha. Com esses valores, os banc\u00e1rios v\u00e3o consumir, o com\u00e9rcio vai vender, v\u00e3o reformar suas casas, v\u00e3o pagar suas d\u00edvidas. Ganha a economia e ganha o governo, que arrecada mais, quando a economia gira\u201d, afirmou a presidenta Contraf-CUT.<\/p>\n<p><strong>Leia mais<\/strong><\/p>\n<p><a href=\"https:\/\/contrafcut.com.br\/noticias\/resumo-das-negociacoes-com-a-fenaban\/?swcfpc=1\">Resumo das negocia\u00e7\u00f5es com a Fenaban<\/a><\/p>\n<p><strong>Fonte: Contraf-CUT<\/strong><\/p>\n","protected":false},"excerpt":{"rendered":"<p>Por ampla maioria, em todo o pa\u00eds banc\u00e1ri@s\u00a0aprovaram a Conven\u00e7\u00e3o Coletiva de Trabalho Nacional (CCT) que garante direitos para os banc\u00e1rios de norte a sul do Brasil. A categoria aprovou a proposta final negociada pelo Comando Nacional\u00a0d@s\u00a0Banc\u00e1ri@s\u00a0com a Federa\u00e7\u00e3o Nacional dos Bancos (Fenaban). Tamb\u00e9m foram aprovados os acordos coletivos dos bancos p\u00fablicos (Caixa, Banco do [&hellip;]<\/p>\n","protected":false},"author":2,"featured_media":9568,"comment_status":"","ping_status":"","sticky":false,"template":"","format":"standard","meta":{"footnotes":""},"categories":[3],"tags":[],"class_list":["post-9569","post","type-post","status-publish","format-standard","has-post-thumbnail","hentry","category-noticias"],"_links":{"self":[{"href":"https:\/\/hostnetart.com.br\/baixada\/wp-json\/wp\/v2\/posts\/9569","targetHints":{"allow":["GET"]}}],"collection":[{"href":"https:\/\/hostnetart.com.br\/baixada\/wp-json\/wp\/v2\/posts"}],"about":[{"href":"https:\/\/hostnetart.com.br\/baixada\/wp-json\/wp\/v2\/types\/post"}],"author":[{"embeddable":true,"href":"https:\/\/hostnetart.com.br\/baixada\/wp-json\/wp\/v2\/users\/2"}],"replies":[{"embeddable":true,"href":"https:\/\/hostnetart.com.br\/baixada\/wp-json\/wp\/v2\/comments?post=9569"}],"version-history":[{"count":0,"href":"https:\/\/hostnetart.com.br\/baixada\/wp-json\/wp\/v2\/posts\/9569\/revisions"}],"wp:featuredmedia":[{"embeddable":true,"href":"https:\/\/hostnetart.com.br\/baixada\/wp-json\/wp\/v2\/media\/9568"}],"wp:attachment":[{"href":"https:\/\/hostnetart.com.br\/baixada\/wp-json\/wp\/v2\/media?parent=9569"}],"wp:term":[{"taxonomy":"category","embeddable":true,"href":"https:\/\/hostnetart.com.br\/baixada\/wp-json\/wp\/v2\/categories?post=9569"},{"taxonomy":"post_tag","embeddable":true,"href":"https:\/\/hostnetart.com.br\/baixada\/wp-json\/wp\/v2\/tags?post=9569"}],"curies":[{"name":"wp","href":"https:\/\/api.w.org\/{rel}","templated":true}]}}