{"id":9567,"date":"2020-08-31T21:01:01","date_gmt":"2020-09-01T00:01:01","guid":{"rendered":"https:\/\/hostnetart.com.br\/baixada\/assembleias-desta-segunda-feira-31-definem-a-campanha\/"},"modified":"2020-08-31T21:01:01","modified_gmt":"2020-09-01T00:01:01","slug":"assembleias-desta-segunda-feira-31-definem-a-campanha","status":"publish","type":"post","link":"https:\/\/hostnetart.com.br\/baixada\/assembleias-desta-segunda-feira-31-definem-a-campanha\/","title":{"rendered":"Assembleias desta segunda-feira (31) definem a campanha"},"content":{"rendered":"<p>Nesta segunda-feira (31), sindicatos de banc\u00e1ri@s\u00a0de todo o pa\u00eds realizam assembleias para decidir sobre a proposta negociada pelo Comando Nacional da categoria com a Federa\u00e7\u00e3o Nacional dos Bancos (Fenaban). A proposta final foi negociada na madrugada de domingo (30) e garante reajuste salarial e abono em 2020, aumento real em 2021, al\u00e9m da manuten\u00e7\u00e3o dos direitos da Conven\u00e7\u00e3o Coletiva e dos acordos espec\u00edficos dos bancos p\u00fablicos. O Comando Nacional orienta a categoria a aprovar o acordo.<\/p>\n<p>Inicialmente, a Fenaban propunha reajuste zero para a categoria. Depois de 15 rodadas de negocia\u00e7\u00e3o, o Comando Nacional conseguiu arrancar para este ano um aumento de 1,5% para sal\u00e1rios, com abono de R$ 2 mil. E ainda a reposi\u00e7\u00e3o da infla\u00e7\u00e3o (estimada em 2,74% no per\u00edodo) para as demais verbas, como vales alimenta\u00e7\u00e3o e refei\u00e7\u00e3o e aux\u00edlio-creche\/bab\u00e1. Caso a proposta seja aprovada nas assembleias desta segunda, o abono ser\u00e1 pago at\u00e9 o final de setembro.<\/p>\n<p>Para 2021, o acordo, caso aprovado, garante, para todos, a reposi\u00e7\u00e3o do INPC acumulado no per\u00edodo (1\u00ba de setembro de 2020 a 31 de agosto de 2021) e aumento real de 0,5% para sal\u00e1rios e demais verbas como vale-alimenta\u00e7\u00e3o e vale-refei\u00e7\u00e3o, assim como para os valores fixos e tetos da PLR.<\/p>\n<p>A proposta prev\u00ea ainda a manuten\u00e7\u00e3o de todas as cl\u00e1usulas da Conven\u00e7\u00e3o Coletiva de Trabalho e dos acordos espec\u00edficos de bancos p\u00fablicos por dois anos, o que dar\u00e1 seguran\u00e7a para a categoria em meio a um cen\u00e1rio de retirada de direitos dos trabalhadores.<\/p>\n<p>Participe da assembleia em seu sindicato. Fique por dentro da campanha pelas nossas redes sociais.<\/p>\n<p><strong>Fonte: Contraf-CUT<\/strong><\/p>\n","protected":false},"excerpt":{"rendered":"<p>Nesta segunda-feira (31), sindicatos de banc\u00e1ri@s\u00a0de todo o pa\u00eds realizam assembleias para decidir sobre a proposta negociada pelo Comando Nacional da categoria com a Federa\u00e7\u00e3o Nacional dos Bancos (Fenaban). A proposta final foi negociada na madrugada de domingo (30) e garante reajuste salarial e abono em 2020, aumento real em 2021, al\u00e9m da manuten\u00e7\u00e3o dos [&hellip;]<\/p>\n","protected":false},"author":2,"featured_media":9566,"comment_status":"","ping_status":"","sticky":false,"template":"","format":"standard","meta":{"footnotes":""},"categories":[3],"tags":[],"class_list":["post-9567","post","type-post","status-publish","format-standard","has-post-thumbnail","hentry","category-noticias"],"_links":{"self":[{"href":"https:\/\/hostnetart.com.br\/baixada\/wp-json\/wp\/v2\/posts\/9567","targetHints":{"allow":["GET"]}}],"collection":[{"href":"https:\/\/hostnetart.com.br\/baixada\/wp-json\/wp\/v2\/posts"}],"about":[{"href":"https:\/\/hostnetart.com.br\/baixada\/wp-json\/wp\/v2\/types\/post"}],"author":[{"embeddable":true,"href":"https:\/\/hostnetart.com.br\/baixada\/wp-json\/wp\/v2\/users\/2"}],"replies":[{"embeddable":true,"href":"https:\/\/hostnetart.com.br\/baixada\/wp-json\/wp\/v2\/comments?post=9567"}],"version-history":[{"count":0,"href":"https:\/\/hostnetart.com.br\/baixada\/wp-json\/wp\/v2\/posts\/9567\/revisions"}],"wp:featuredmedia":[{"embeddable":true,"href":"https:\/\/hostnetart.com.br\/baixada\/wp-json\/wp\/v2\/media\/9566"}],"wp:attachment":[{"href":"https:\/\/hostnetart.com.br\/baixada\/wp-json\/wp\/v2\/media?parent=9567"}],"wp:term":[{"taxonomy":"category","embeddable":true,"href":"https:\/\/hostnetart.com.br\/baixada\/wp-json\/wp\/v2\/categories?post=9567"},{"taxonomy":"post_tag","embeddable":true,"href":"https:\/\/hostnetart.com.br\/baixada\/wp-json\/wp\/v2\/tags?post=9567"}],"curies":[{"name":"wp","href":"https:\/\/api.w.org\/{rel}","templated":true}]}}