{"id":9563,"date":"2020-08-31T03:04:29","date_gmt":"2020-08-31T06:04:29","guid":{"rendered":"https:\/\/hostnetart.com.br\/baixada\/reajuste-d-s-bancari-s-deve-injetar-mais-de-r-8-bilhoes-na-economia\/"},"modified":"2020-08-31T03:04:29","modified_gmt":"2020-08-31T06:04:29","slug":"reajuste-d-s-bancari-s-deve-injetar-mais-de-r-8-bilhoes-na-economia","status":"publish","type":"post","link":"https:\/\/hostnetart.com.br\/baixada\/reajuste-d-s-bancari-s-deve-injetar-mais-de-r-8-bilhoes-na-economia\/","title":{"rendered":"Reajuste d@s banc\u00e1ri@s deve injetar mais de R$ 8 bilh\u00f5es na economia"},"content":{"rendered":"<div class=\"elementor-element elementor-element-194680ec elementor-widget elementor-widget-theme-post-content\" data-id=\"194680ec\" data-element_type=\"widget\" data-widget_type=\"theme-post-content.default\">\n<div class=\"elementor-widget-container\">\n<p>A proposta acordada este final de semana entre o Comando Nacional\u00a0d@s\u00a0Banc\u00e1rios e a Federa\u00e7\u00e3o Nacional dos Bancos (Fenaban) vai ajudar a economia brasileira. Reajuste de sal\u00e1rios, vales e da Participa\u00e7\u00e3o nos Lucros e Resultados (PLR) ter\u00e1 um valor total de R$ 8.098.464.934,10, de acordo com dados do Departamento Intersindical de Estudos e Estat\u00edsticas Sociecon\u00f4micas (Dieese).<\/p>\n<p>Somente o impacto da PLR \u00e9 de R$ 6.211.796.397,21 na economia. O reajuste salarial, inclu\u00eddo o abono, vai implicar na inje\u00e7\u00e3o de outros R$ 757.064.915,60.<\/p>\n<p>Restaurantes, lanchonetes e supermercados de todo o pa\u00eds tamb\u00e9m ter\u00e3o um al\u00edvio com a inje\u00e7\u00e3o de outros R$ 223.047.621,29, referentes ao reajuste dos vales refei\u00e7\u00e3o e alimenta\u00e7\u00e3o.<\/p>\n<p><strong>Negocia\u00e7\u00f5es<\/strong><\/p>\n<p>As negocia\u00e7\u00f5es entre o Comando Nacional e a Fenaban terminaram na madrugada deste domingo (30). Ficou definido um reajuste de 1,5% para sal\u00e1rios, com abono de R$ 2 mil. E ainda a reposi\u00e7\u00e3o da infla\u00e7\u00e3o (estimada em 2,74% no per\u00edodo) para demais verbas, como vales alimenta\u00e7\u00e3o e refei\u00e7\u00e3o e aux\u00edlio-creche\/bab\u00e1.<\/p>\n<p>O reajuste de 1,5% nos sal\u00e1rios + abono de R$ 2.000,00 para todos estes anos garante em 12 meses valores acima do que seria obtido apenas com a aplica\u00e7\u00e3o do INPC para sal\u00e1rios at\u00e9 R$ 11.202,80, o que representa 79,1% do total de banc\u00e1rios. Isso j\u00e1 considerando o pagamento de 13\u00b0, f\u00e9rias e FGTS. Para 2021, a proposta \u00e9 de reajuste integral do INPC e aumento real de sal\u00e1rio de 0,5%. A orienta\u00e7\u00e3o do Comando Nacional\u00a0d@s\u00a0Banc\u00e1ri@s\u00a0\u00e9 pela aceita\u00e7\u00e3o da proposta nas assembleias que est\u00e3o sendo realizadas neste domingo.<\/p>\n<p>\u00a0<\/p>\n<figure class=\"wp-block-image size-large\"><img fetchpriority=\"high\" decoding=\"async\" class=\"wp-image-283409\" src=\"https:\/\/contrafcut.com.br\/wp-content\/uploads\/2020\/08\/impacto-reajuste.jpeg\" sizes=\"(max-width: 1280px) 100vw, 1280px\" srcset=\"https:\/\/contrafcut.com.br\/wp-content\/uploads\/2020\/08\/impacto-reajuste.jpeg 1280w, https:\/\/contrafcut.com.br\/wp-content\/uploads\/2020\/08\/impacto-reajuste-335x230.jpeg 335w, https:\/\/contrafcut.com.br\/wp-content\/uploads\/2020\/08\/impacto-reajuste-768x528.jpeg 768w\" alt=\"\" width=\"1280\" height=\"880\" \/><\/figure>\n<\/div>\n<\/div>\n<div class=\"elementor-element elementor-element-76b46e1 elementor-widget elementor-widget-post-info\" data-id=\"76b46e1\" data-element_type=\"widget\" data-widget_type=\"post-info.default\">\n<div class=\"elementor-widget-container\">\n<ul class=\"elementor-inline-items elementor-icon-list-items elementor-post-info\">\n<li class=\"elementor-icon-list-item elementor-repeater-item-178a5d0 elementor-inline-item\"><\/li>\n<li class=\"elementor-icon-list-item elementor-repeater-item-178a5d0 elementor-inline-item\"><strong><span class=\"elementor-icon-list-text elementor-post-info__item elementor-post-info__item--type-terms\">Fonte: Contraf-CUT<\/span><\/strong><\/li>\n<\/ul>\n<\/div>\n<\/div>\n","protected":false},"excerpt":{"rendered":"<p>A proposta acordada este final de semana entre o Comando Nacional\u00a0d@s\u00a0Banc\u00e1rios e a Federa\u00e7\u00e3o Nacional dos Bancos (Fenaban) vai ajudar a economia brasileira. Reajuste de sal\u00e1rios, vales e da Participa\u00e7\u00e3o nos Lucros e Resultados (PLR) ter\u00e1 um valor total de R$ 8.098.464.934,10, de acordo com dados do Departamento Intersindical de Estudos e Estat\u00edsticas Sociecon\u00f4micas (Dieese). [&hellip;]<\/p>\n","protected":false},"author":2,"featured_media":9562,"comment_status":"","ping_status":"","sticky":false,"template":"","format":"standard","meta":{"footnotes":""},"categories":[3],"tags":[],"class_list":["post-9563","post","type-post","status-publish","format-standard","has-post-thumbnail","hentry","category-noticias"],"_links":{"self":[{"href":"https:\/\/hostnetart.com.br\/baixada\/wp-json\/wp\/v2\/posts\/9563","targetHints":{"allow":["GET"]}}],"collection":[{"href":"https:\/\/hostnetart.com.br\/baixada\/wp-json\/wp\/v2\/posts"}],"about":[{"href":"https:\/\/hostnetart.com.br\/baixada\/wp-json\/wp\/v2\/types\/post"}],"author":[{"embeddable":true,"href":"https:\/\/hostnetart.com.br\/baixada\/wp-json\/wp\/v2\/users\/2"}],"replies":[{"embeddable":true,"href":"https:\/\/hostnetart.com.br\/baixada\/wp-json\/wp\/v2\/comments?post=9563"}],"version-history":[{"count":0,"href":"https:\/\/hostnetart.com.br\/baixada\/wp-json\/wp\/v2\/posts\/9563\/revisions"}],"wp:featuredmedia":[{"embeddable":true,"href":"https:\/\/hostnetart.com.br\/baixada\/wp-json\/wp\/v2\/media\/9562"}],"wp:attachment":[{"href":"https:\/\/hostnetart.com.br\/baixada\/wp-json\/wp\/v2\/media?parent=9563"}],"wp:term":[{"taxonomy":"category","embeddable":true,"href":"https:\/\/hostnetart.com.br\/baixada\/wp-json\/wp\/v2\/categories?post=9563"},{"taxonomy":"post_tag","embeddable":true,"href":"https:\/\/hostnetart.com.br\/baixada\/wp-json\/wp\/v2\/tags?post=9563"}],"curies":[{"name":"wp","href":"https:\/\/api.w.org\/{rel}","templated":true}]}}