{"id":9561,"date":"2020-08-31T03:03:14","date_gmt":"2020-08-31T06:03:14","guid":{"rendered":"https:\/\/hostnetart.com.br\/baixada\/resumo-das-negociacoes-com-a-fenaban\/"},"modified":"2020-08-31T03:03:14","modified_gmt":"2020-08-31T06:03:14","slug":"resumo-das-negociacoes-com-a-fenaban","status":"publish","type":"post","link":"https:\/\/hostnetart.com.br\/baixada\/resumo-das-negociacoes-com-a-fenaban\/","title":{"rendered":"Resumo das negocia\u00e7\u00f5es com a Fenaban"},"content":{"rendered":"<p>Proposta inicial: Fenaban prop\u00f4s reajuste ZERO.<\/p>\n<p>Proposta final para 2020: Reajuste de 1,5% para sal\u00e1rios + abono de R$ 2 mil para todos. Garante em 12 meses valores acima do que seria obtido apenas com a aplica\u00e7\u00e3o do INPC para sal\u00e1rios at\u00e9 R$ 11.202,80, o que representa 79,1% do total de banc\u00e1rios (isso j\u00e1 considerando o pagamento de 13\u00b0, f\u00e9rias e FGTS). INPC sobre VR, VA, auxilio creche\/bab\u00e1, valores fixos e tetos da PLR.<\/p>\n<p>Proposta final para 2021: Reposi\u00e7\u00e3o da infla\u00e7\u00e3o + 0,5% de aumento real para sal\u00e1rios e demais verbas, como VA, VR, aux\u00edlio-creche, valores fixos e tetos da PLR.<\/p>\n<ul>\n<li><strong>PLR<\/strong><\/li>\n<\/ul>\n<p>Como come\u00e7ou: Fenaban queria redu\u00e7\u00e3o da PLR em at\u00e9 48%<\/p>\n<p>Proposta final: Mantida a regra atual da PLR como est\u00e1 e corrigidos os valores fixos pela infla\u00e7\u00e3o (INPC 2020).<\/p>\n<p>Exemplo: na primeira proposta um caixa ganharia, em m\u00e9dia, R$ 9.950,62. Ap\u00f3s a negocia\u00e7\u00e3o ganhar\u00e1, em m\u00e9dia, R$ 10.888,19<\/p>\n<ul>\n<li><strong>Aux\u00edlios<\/strong><\/li>\n<\/ul>\n<p>Aux\u00edlio-refei\u00e7\u00e3o: de R$ 807,40 para R$ 829,52(INPC). Proposta inicial: zero reajuste.<\/p>\n<p>Aux\u00edlio-alimenta\u00e7\u00e3o: de R$ 636,17 para R$ 653,52(INPC). Proposta inicial: zero reajuste<\/p>\n<p>Cesta de Natal: de R$ 636,17 para R$ 653,52(INPC). Proposta inicial: extin\u00e7\u00e3o<\/p>\n<p>Aux\u00edlio creche\/bab\u00e1: de R$ 488,61 para R$ 502,00(INPC) Proposta inicial: zero reajuste<\/p>\n<ul>\n<li><strong>Gratifica\u00e7\u00e3o de fun\u00e7\u00e3o<\/strong><\/li>\n<\/ul>\n<p>A gratifica\u00e7\u00e3o de fun\u00e7\u00e3o seria rebaixada de 55% para 50%. Conseguimos derrubar e manter a reda\u00e7\u00e3o de 2018.<\/p>\n<ul>\n<li><strong>Home office<\/strong><\/li>\n<\/ul>\n<p>Todas os direitos previstos na CCT por dois anos tamb\u00e9m valem para esses trabalhadores que estiverem em teletrabalho.<\/p>\n<p>Compromisso de que quem est\u00e1 em teletrabalho hoje permanecer\u00e1 enquanto a pandemia perdurar.<\/p>\n<p>N\u00e3o conseguimos evoluir para uma cl\u00e1usula especifica na Conven\u00e7\u00e3o sobre os demais pontos que reivindicamos, mas conseguimos compromisso de alguns bancos de negociar o home office com garantia de respeito \u00e0 jornada; m\u00f3veis adequados; fornecimento de equipamentos; ajuda de custo etc. Em breve anunciaremos.<\/p>\n<ul>\n<li><strong>Quando vem a PLR e o abono?<\/strong><\/li>\n<\/ul>\n<p>O pagamento de ambos dever\u00e1 ser feito at\u00e9 em 30\/09\/2020.<\/p>\n<p>\u00a0<\/p>\n<p><span style=\"text-decoration: underline;\">Acompanhe a campanha salarial pelas nossas redes sociais.<\/span><\/p>\n<p><strong>Fonte: Contraf-CUT<\/strong><\/p>\n","protected":false},"excerpt":{"rendered":"<p>Proposta inicial: Fenaban prop\u00f4s reajuste ZERO. Proposta final para 2020: Reajuste de 1,5% para sal\u00e1rios + abono de R$ 2 mil para todos. Garante em 12 meses valores acima do que seria obtido apenas com a aplica\u00e7\u00e3o do INPC para sal\u00e1rios at\u00e9 R$ 11.202,80, o que representa 79,1% do total de banc\u00e1rios (isso j\u00e1 considerando [&hellip;]<\/p>\n","protected":false},"author":2,"featured_media":9560,"comment_status":"","ping_status":"","sticky":false,"template":"","format":"standard","meta":{"footnotes":""},"categories":[3],"tags":[],"class_list":["post-9561","post","type-post","status-publish","format-standard","has-post-thumbnail","hentry","category-noticias"],"_links":{"self":[{"href":"https:\/\/hostnetart.com.br\/baixada\/wp-json\/wp\/v2\/posts\/9561","targetHints":{"allow":["GET"]}}],"collection":[{"href":"https:\/\/hostnetart.com.br\/baixada\/wp-json\/wp\/v2\/posts"}],"about":[{"href":"https:\/\/hostnetart.com.br\/baixada\/wp-json\/wp\/v2\/types\/post"}],"author":[{"embeddable":true,"href":"https:\/\/hostnetart.com.br\/baixada\/wp-json\/wp\/v2\/users\/2"}],"replies":[{"embeddable":true,"href":"https:\/\/hostnetart.com.br\/baixada\/wp-json\/wp\/v2\/comments?post=9561"}],"version-history":[{"count":0,"href":"https:\/\/hostnetart.com.br\/baixada\/wp-json\/wp\/v2\/posts\/9561\/revisions"}],"wp:featuredmedia":[{"embeddable":true,"href":"https:\/\/hostnetart.com.br\/baixada\/wp-json\/wp\/v2\/media\/9560"}],"wp:attachment":[{"href":"https:\/\/hostnetart.com.br\/baixada\/wp-json\/wp\/v2\/media?parent=9561"}],"wp:term":[{"taxonomy":"category","embeddable":true,"href":"https:\/\/hostnetart.com.br\/baixada\/wp-json\/wp\/v2\/categories?post=9561"},{"taxonomy":"post_tag","embeddable":true,"href":"https:\/\/hostnetart.com.br\/baixada\/wp-json\/wp\/v2\/tags?post=9561"}],"curies":[{"name":"wp","href":"https:\/\/api.w.org\/{rel}","templated":true}]}}