{"id":9553,"date":"2020-08-28T21:20:15","date_gmt":"2020-08-29T00:20:15","guid":{"rendered":"https:\/\/hostnetart.com.br\/baixada\/proposta-avanca-reajuste-de-1-5-com-abono-de-r-2-mil\/"},"modified":"2020-08-28T21:20:15","modified_gmt":"2020-08-29T00:20:15","slug":"proposta-avanca-reajuste-de-1-5-com-abono-de-r-2-mil","status":"publish","type":"post","link":"https:\/\/hostnetart.com.br\/baixada\/proposta-avanca-reajuste-de-1-5-com-abono-de-r-2-mil\/","title":{"rendered":"Proposta avan\u00e7a: reajuste de 1,5% com abono de R$ 2 mil"},"content":{"rendered":"<p>Os bancos, que em diversas rodadas de negocia\u00e7\u00e3o da Campanha dos Banc\u00e1rios 2020 insistiam em reajuste zero para a categoria, finalmente avan\u00e7aram na proposta. Ap\u00f3s v\u00e1rias horas de negocia\u00e7\u00e3o, que iniciou \u00e0s 16h de quinta-feira 27 e se estendeu at\u00e9 a manh\u00e3 desta sexta-feira 28, a Fenaban (federa\u00e7\u00e3o dos bancos) prop\u00f4s reajuste de 1,5% para sal\u00e1rios, com abono de R$ 2 mil. E ainda a reposi\u00e7\u00e3o da infla\u00e7\u00e3o (estimada em 2,74% no per\u00edodo) para demais verbas, como vales alimenta\u00e7\u00e3o e refei\u00e7\u00e3o e aux\u00edlio-creche\/bab\u00e1.<\/p>\n<p>O reajuste de 1,5% nos sal\u00e1rios + abono de R$ 2.000,00 para todos este ano garante em 12 meses valores acima do que seria obtido apenas com a aplica\u00e7\u00e3o do INPC para sal\u00e1rios at\u00e9 R$ 11.202,80, o que representa 79,1% do total de banc\u00e1rios. Isso j\u00e1 considerando o pagamento de 13\u00b0, f\u00e9rias e FGTS.<\/p>\n<p><strong>Veja como ficam sal\u00e1rios com 1,5% de reajuste + abono de R$ 2 mil:<\/strong><br \/>\u00a0<\/p>\n<p><img fetchpriority=\"high\" decoding=\"async\" src=\"https:\/\/spbancarios.com.br\/sites\/default\/files\/images\/tabela%20salarios.jpeg\" alt=\"\" width=\"750\" height=\"512\" \/><\/p>\n<p><strong>Veja como ficam VA, VR e demais verbas com a reposi\u00e7\u00e3o da infla\u00e7\u00e3o (estimada em 2,74%):\u00a0\u00a0<\/strong><br \/>\u00a0<\/p>\n<p><img decoding=\"async\" src=\"https:\/\/spbancarios.com.br\/sites\/default\/files\/images\/tabela%20VA%20VR.jpeg\" alt=\"\" width=\"750\" height=\"231\" \/><\/p>\n<h2>\u00a0<\/h2>\n<h2><strong>Manuten\u00e7\u00e3o da CCT e aumento real em 2021<\/strong><\/h2>\n<p>E para 2021, estaria garantida\u00a0para todos\u00a0a reposi\u00e7\u00e3o do INPC acumulado na data base e aumento real de 0,5% para sal\u00e1rios e demais verbas como VA e VR, assim como para os valores fixos e tetos da PLR.A proposta prev\u00ea ainda a manuten\u00e7\u00e3o de todas as cl\u00e1usulas da CCT por dois anos, o que d\u00e1 seguran\u00e7a para a categoria neste contexto de retirada de direitos dos trabalhadores.<\/p>\n<h2><strong>PLR<\/strong><\/h2>\n<p>A Fenaban, que j\u00e1 tinha voltado atr\u00e1s nas propostas rebaixadas de PLR, refor\u00e7ou na mesa desta quinta a manuten\u00e7\u00e3o da PLR nos moldes atuais, e tamb\u00e9m prop\u00f4s reposi\u00e7\u00e3o da infla\u00e7\u00e3o (INPC estimado em 2,74%) para os valores fixos e tetos da PLR.<\/p>\n<p>Entre a primeira proposta da Fenaban e a proposta atual, os banc\u00e1rios conseguiram reverter os rebaixamentos que os bancos queriam fazer na regra de PLR. Com a manuten\u00e7\u00e3o da regra e a atualiza\u00e7\u00e3o nos valores fixos e tetos, entre a primeira proposta e a atual, a PLR m\u00e9dia estimada a ser paga nos 3 maiores bancos privados (Ita\u00fa, Bradesco e Santander) teve um acr\u00e9scimo de 12,2% para o piso de escritur\u00e1rio e 9,4% para o piso de caixa.<\/p>\n<p>Veja tabela:<\/p>\n<p><img decoding=\"async\" src=\"https:\/\/spbancarios.com.br\/sites\/default\/files\/images\/tabela%20PLR(5).jpeg\" alt=\"\" width=\"750\" height=\"612\" \/><\/p>\n<p>\u00a0<\/p>\n<h2><strong>For\u00e7a da mobiliza\u00e7\u00e3o<\/strong><\/h2>\n<p>\u201cForam diversas rodadas de negocia\u00e7\u00e3o em que a Fenaban insistia em reajuste zero para a categoria. Al\u00e9m disso, chegaram a apresentar tr\u00eas propostas rebaixadas de PLR, que reduziam em at\u00e9 48% os valores a serem distribu\u00eddos aos trabalhadores, e ainda propuseram a retirada da 13\u00aa cesta alimenta\u00e7\u00e3o e a redu\u00e7\u00e3o da gratifica\u00e7\u00e3o de fun\u00e7\u00e3o de 55% para 50%. O Sindicato rejeitou essas propostas na mesa. Al\u00e9m disso, a press\u00e3o da categoria nas ruas, com carreatas, e nas redes sociais, com v\u00e1rios tuita\u00e7os, fez com que os bancos voltassem atr\u00e1s nessas propostas rebaixadas. J\u00e1 nas mesas anteriores, eles haviam retirado as propostas rebaixadas de PLR, de gratifica\u00e7\u00e3o de fun\u00e7\u00e3o e de fim da 13\u00aa cesta; e hoje finalmente apresentaram uma proposta de reajuste, que vamos levar para a assembleia virtual permanente\u201d, diz Ivone Silva, presidenta do Sindicato dos Banc\u00e1rios de S\u00e3o Paulo e uma das coordenadoras do Comando Nacional dos Banc\u00e1rios, que representa a categoria na mesa com a Fenaban.<\/p>\n<p>A dirigente explica que a data da assembleia depende das propostas apresentadas pelo Banco do Brasil e Caixa Econ\u00f4mica Federal, nas mesas espec\u00edficas de cada um dos dois bancos p\u00fablicos. \u201cA Campanha dos Banc\u00e1rios \u00e9 unificada: a mesa da Fenaban \u00e9 composta por bancos privados e p\u00fablicos, e al\u00e9m disso h\u00e1 as mesas do BB e Caixa, que discutem quest\u00f5es espec\u00edficas dos banc\u00e1rios de cada uma das institui\u00e7\u00f5es p\u00fablicas. Hoje est\u00e3o acontecendo novas rodadas de negocia\u00e7\u00f5es do BB e Caixa\u201d, informa.<\/p>\n<p>\u201cTemos de levar em considera\u00e7\u00e3o a conjuntura de pandemia de Covid-19, que impactou n\u00e3o somente na economia, com 80% dos acordos trabalhistas fechados em agosto abaixo do INPC, mas tamb\u00e9m na nossa organiza\u00e7\u00e3o, uma vez que mais de metade da categoria banc\u00e1ria encontra-se em home office, uma vit\u00f3ria do movimento sindical para garantir seguran\u00e7a aos trabalhadores diante do coronav\u00edrus, mas que resulta em dificuldades para a mobiliza\u00e7\u00e3o. Outro ponto que deve ser considerado \u00e9 a conjuntura dif\u00edcil para os trabalhadores, com o governo federal pegando carona na pandemia para avan\u00e7ar mais rapidamente na retirada de direitos trabalhistas. E o fim da ultratividade, que faz com que nossa CCT perca a validade em 31 de agosto caso o acordo n\u00e3o seja renovado, outro ataque aos trabalhadores nesse contexto adverso iniciado com o golpe de 2016. Diante de todo esse cen\u00e1rio, e depois de 13 rodadas de negocia\u00e7\u00e3o muito dif\u00edceis, com tentativas de retrocessos em cl\u00e1usulas hist\u00f3ricas da CCT por parte da Fenaban, consideramos que esta proposta, arrancada dos bancos com a for\u00e7a da categoria, \u00e9 positiva\u201d, acrescenta Ivone.<\/p>\n<h2><strong>Home office<\/strong><\/h2>\n<p>Al\u00e9m de manter todas os direitos previstos na CCT por dois anos, o que d\u00e1 f\u00f4lego para a categoria no contexto de retirada de direitos, a Fenaban concordou em clausular condi\u00e7\u00f5es para o home office (teletrabalho), que era uma das reivindica\u00e7\u00f5es da categoria na Campanha deste ano.<\/p>\n<p>Ivone lembra que, no in\u00edcio das negocia\u00e7\u00f5es, os bancos resistiram em discutir uma cl\u00e1usula na CCT para o home office, e defenderam que os acordos de teletrabalho seriam feitos individualmente. \u201cFoi, portanto, uma vit\u00f3ria desta Campanha, pois a Fenaban apresentou proposta para um tema que inicialmente se recusava a discutir. Reivindicamos melhorias para que o banc\u00e1rio exer\u00e7a esse regime de trabalho. E agora, na tarde de hoje [sexta 28], vamos nos reunir com a Fenaban para discutir a reda\u00e7\u00e3o do acordo do home office\u201d, informa.<\/p>\n<p><span style=\"text-decoration: underline;\"><strong>Fonte: SEEB\/SP<\/strong><\/span><\/p>\n<p>\u00a0<\/p>\n<h2>\u00a0<\/h2>\n","protected":false},"excerpt":{"rendered":"<p>Os bancos, que em diversas rodadas de negocia\u00e7\u00e3o da Campanha dos Banc\u00e1rios 2020 insistiam em reajuste zero para a categoria, finalmente avan\u00e7aram na proposta. Ap\u00f3s v\u00e1rias horas de negocia\u00e7\u00e3o, que iniciou \u00e0s 16h de quinta-feira 27 e se estendeu at\u00e9 a manh\u00e3 desta sexta-feira 28, a Fenaban (federa\u00e7\u00e3o dos bancos) prop\u00f4s reajuste de 1,5% para [&hellip;]<\/p>\n","protected":false},"author":2,"featured_media":9552,"comment_status":"","ping_status":"","sticky":false,"template":"","format":"standard","meta":{"footnotes":""},"categories":[3],"tags":[],"class_list":["post-9553","post","type-post","status-publish","format-standard","has-post-thumbnail","hentry","category-noticias"],"_links":{"self":[{"href":"https:\/\/hostnetart.com.br\/baixada\/wp-json\/wp\/v2\/posts\/9553","targetHints":{"allow":["GET"]}}],"collection":[{"href":"https:\/\/hostnetart.com.br\/baixada\/wp-json\/wp\/v2\/posts"}],"about":[{"href":"https:\/\/hostnetart.com.br\/baixada\/wp-json\/wp\/v2\/types\/post"}],"author":[{"embeddable":true,"href":"https:\/\/hostnetart.com.br\/baixada\/wp-json\/wp\/v2\/users\/2"}],"replies":[{"embeddable":true,"href":"https:\/\/hostnetart.com.br\/baixada\/wp-json\/wp\/v2\/comments?post=9553"}],"version-history":[{"count":0,"href":"https:\/\/hostnetart.com.br\/baixada\/wp-json\/wp\/v2\/posts\/9553\/revisions"}],"wp:featuredmedia":[{"embeddable":true,"href":"https:\/\/hostnetart.com.br\/baixada\/wp-json\/wp\/v2\/media\/9552"}],"wp:attachment":[{"href":"https:\/\/hostnetart.com.br\/baixada\/wp-json\/wp\/v2\/media?parent=9553"}],"wp:term":[{"taxonomy":"category","embeddable":true,"href":"https:\/\/hostnetart.com.br\/baixada\/wp-json\/wp\/v2\/categories?post=9553"},{"taxonomy":"post_tag","embeddable":true,"href":"https:\/\/hostnetart.com.br\/baixada\/wp-json\/wp\/v2\/tags?post=9553"}],"curies":[{"name":"wp","href":"https:\/\/api.w.org\/{rel}","templated":true}]}}