{"id":9551,"date":"2020-08-28T14:56:46","date_gmt":"2020-08-28T17:56:46","guid":{"rendered":"https:\/\/hostnetart.com.br\/baixada\/caixa-apresenta-proposta-para-saude-caixa\/"},"modified":"2020-08-28T14:56:46","modified_gmt":"2020-08-28T17:56:46","slug":"caixa-apresenta-proposta-para-saude-caixa","status":"publish","type":"post","link":"https:\/\/hostnetart.com.br\/baixada\/caixa-apresenta-proposta-para-saude-caixa\/","title":{"rendered":"Caixa apresenta proposta para Sa\u00fade Caixa"},"content":{"rendered":"<p>O Sa\u00fade Caixa e a Participa\u00e7\u00e3o nos Lucros e Resultados (PLR) foram os temas da s\u00e9tima rodada de negocia\u00e7\u00f5es do Acordo Coletivo de Trabalho (ACT), entre a Comiss\u00e3o Executiva dos Empregados (CEE) da Caixa e a dire\u00e7\u00e3o do banco, que durou toda a quinta-feira (27) e entrou para a madrugada de sexta (28).<\/p>\n<p>Inicialmente, a reuni\u00e3o estava marcada para esta quarta-feira (26), mas foi adiada j\u00e1 que a reuni\u00e3o da Mesa \u00danica de Negocia\u00e7\u00e3o entre o Comando Nacional dos Banc\u00e1rios e a Federa\u00e7\u00e3o Nacional dos Bancos (Fenaban) terminou muito tarde.<\/p>\n<p>Antes da apresenta\u00e7\u00e3o das propostas da Caixa, os representantes dos empregados reclamaram da divulga\u00e7\u00e3o por parte do banco sobre as negocia\u00e7\u00f5es, com informa\u00e7\u00f5es que n\u00e3o foram discutidas em mesa.<\/p>\n<p>A CEE\/ Caixa cobrou tamb\u00e9m, mais uma vez, que o banco n\u00e3o abra aos s\u00e1bados e uma compensa\u00e7\u00e3o para as pessoas que j\u00e1 trabalharam aos s\u00e1bados e n\u00e3o bateram pontos.<\/p>\n<h3>Sa\u00fade Caixa<\/h3>\n<p>A Caixa prop\u00f4s um modelo mantendo o custeio 70\/30, mas de transi\u00e7\u00e3o at\u00e9 2021 e um Grupo de Trabalho, com a participa\u00e7\u00e3o dos empregados, para definir solu\u00e7\u00f5es para a sustentabilidade do plano.<\/p>\n<p>De acordo com o banco, o modelo apresentado respeita o mutualismo, o pacto intergeracional e a solidariedade do plano e ainda atende \u00e0 constante reivindica\u00e7\u00e3o do movimento sindical de inclus\u00e3o dos empregados, incluindo os PCDs, que foram admitidos a partir de setembro de 2018.<\/p>\n<p>Na proposta, o modelo 70\/30 seria mantido. Com uma contribui\u00e7\u00e3o individualizada de 3,7% do sal\u00e1rio para o titular e mais 0,5% por dependente. Com coparticipa\u00e7\u00e3o de 30% de cada dependente e o teto individualizado de 2.870,00<\/p>\n<p>\u201cEsta proposta foi melhor do que\u00a0<a href=\"https:\/\/contrafcut.com.br\/noticias\/caixa-apresenta-proposta-de-alteracao-no-modelo-de-custeio-do-saude-caixa\/?swcfpc=1\" target=\"_blank\" rel=\"noopener noreferrer\">as seis apresentadas na negocia\u00e7\u00e3o exclusiva do Sa\u00fade Caixa<\/a>, principalmente pela inclus\u00e3o dos novos empregados, mas ainda tem problemas. Avaliamos que reajuste \u00e9 necess\u00e1rio, mas tem de ser vi\u00e1vel para todos\u201d, declarou Fabiana Uehara Proscholdt, coordenadora da CEE\/Caixa e secret\u00e1ria da Cultura da Confedera\u00e7\u00e3o Nacional dos Trabalhadores do Ramo Financeiro (Contraf-CUT).<\/p>\n<p>J\u00e1 na madrugada desta sexta-feira, a Caixa trouxe uma nova proposta para a mesa, com contribui\u00e7\u00e3o individualizada de 3,5% do sal\u00e1rio para o titular e mais 0,6% por dependente. Com coparticipa\u00e7\u00e3o de 30% de cada dependente e o teto individualizado de 2.200,00<\/p>\n<h3>PLR<\/h3>\n<p>Para a PLR, a Caixa seguir\u00e1 a proposta fechada em mesa \u00fanica de negocia\u00e7\u00e3o entre o Comando Nacional e a Fenaban, e garante uma Remunera\u00e7\u00e3o B\u00e1sica (RB). Neste momento, os empregados apontaram que n\u00e3o ter uma PLR social seria uma falta de reconhecimento ao esfor\u00e7o dos empregados da empresa durante a pandemia do coronav\u00edrus (Covid-19).<\/p>\n<p>\u201cA Caixa apresentou nova proposta e vamos avaliar, at\u00e9 por conta do hor\u00e1rio. Mas, refor\u00e7amos que, ainda assim, seja revisto os percentuais e pedimos que a coparticipa\u00e7\u00e3o seja por grupo familiar e n\u00e3o individual. Aguardamos nova proposta do Sa\u00fade Caixa, cobramos ainda a manuten\u00e7\u00e3o da PLR Social e o retorno das demais reivindica\u00e7\u00f5es da minuta entregue\u201d, finalizou Fabiana.<\/p>\n<p>Uma nova reuni\u00e3o ficou pr\u00e9-agenda para esta sexta-feira (28), \u00e0s 10h.<\/p>\n<p><strong>Fonte: Contraf-CUT<\/strong><\/p>\n","protected":false},"excerpt":{"rendered":"<p>O Sa\u00fade Caixa e a Participa\u00e7\u00e3o nos Lucros e Resultados (PLR) foram os temas da s\u00e9tima rodada de negocia\u00e7\u00f5es do Acordo Coletivo de Trabalho (ACT), entre a Comiss\u00e3o Executiva dos Empregados (CEE) da Caixa e a dire\u00e7\u00e3o do banco, que durou toda a quinta-feira (27) e entrou para a madrugada de sexta (28). Inicialmente, a [&hellip;]<\/p>\n","protected":false},"author":2,"featured_media":9550,"comment_status":"","ping_status":"","sticky":false,"template":"","format":"standard","meta":{"footnotes":""},"categories":[3],"tags":[],"class_list":["post-9551","post","type-post","status-publish","format-standard","has-post-thumbnail","hentry","category-noticias"],"_links":{"self":[{"href":"https:\/\/hostnetart.com.br\/baixada\/wp-json\/wp\/v2\/posts\/9551","targetHints":{"allow":["GET"]}}],"collection":[{"href":"https:\/\/hostnetart.com.br\/baixada\/wp-json\/wp\/v2\/posts"}],"about":[{"href":"https:\/\/hostnetart.com.br\/baixada\/wp-json\/wp\/v2\/types\/post"}],"author":[{"embeddable":true,"href":"https:\/\/hostnetart.com.br\/baixada\/wp-json\/wp\/v2\/users\/2"}],"replies":[{"embeddable":true,"href":"https:\/\/hostnetart.com.br\/baixada\/wp-json\/wp\/v2\/comments?post=9551"}],"version-history":[{"count":0,"href":"https:\/\/hostnetart.com.br\/baixada\/wp-json\/wp\/v2\/posts\/9551\/revisions"}],"wp:featuredmedia":[{"embeddable":true,"href":"https:\/\/hostnetart.com.br\/baixada\/wp-json\/wp\/v2\/media\/9550"}],"wp:attachment":[{"href":"https:\/\/hostnetart.com.br\/baixada\/wp-json\/wp\/v2\/media?parent=9551"}],"wp:term":[{"taxonomy":"category","embeddable":true,"href":"https:\/\/hostnetart.com.br\/baixada\/wp-json\/wp\/v2\/categories?post=9551"},{"taxonomy":"post_tag","embeddable":true,"href":"https:\/\/hostnetart.com.br\/baixada\/wp-json\/wp\/v2\/tags?post=9551"}],"curies":[{"name":"wp","href":"https:\/\/api.w.org\/{rel}","templated":true}]}}