{"id":955,"date":"2014-04-04T00:00:00","date_gmt":"2014-04-04T03:00:00","guid":{"rendered":"https:\/\/hostnetart.com.br\/baixada\/contraf-cut-cobra-fim-do-fechamento-de-agencias-e-demissoes-no-hsbc\/"},"modified":"2014-04-04T00:00:00","modified_gmt":"2014-04-04T03:00:00","slug":"contraf-cut-cobra-fim-do-fechamento-de-agencias-e-demissoes-no-hsbc","status":"publish","type":"post","link":"https:\/\/hostnetart.com.br\/baixada\/contraf-cut-cobra-fim-do-fechamento-de-agencias-e-demissoes-no-hsbc\/","title":{"rendered":"Contraf-CUT cobra fim do fechamento de ag\u00eancias e demiss\u00f5es no HSBC"},"content":{"rendered":"<p>Em reuni\u00e3o realizada nesta quarta-feira (02) no Pal\u00e1cio Avenida, em Curitiba, a Contraf-CUT, federa\u00e7\u00f5es e sindicatos manifestaram a preocupa\u00e7\u00e3o dos banc\u00e1rios com rela\u00e7\u00e3o \u00e0 decis\u00e3o do HSBC de fechar ag\u00eancias no Brasil. N\u00fameros preliminares levantados pelas entidades sindicais j\u00e1 apontam cerca de 17 ag\u00eancias encerradas e em torno de 150 trabalhadores j\u00e1 foram desligados em todo o pa\u00eds.<\/p>\n<p>\u201cEstamos muito preocupados com a postura do HSBC de fechar ag\u00eancias no Brasil, ao contr\u00e1rio do que a dire\u00e7\u00e3o do banco sempre afirma com rela\u00e7\u00e3o aos investimentos. Num primeiro momento nos parece que a empresa n\u00e3o est\u00e1 levando em conta as situa\u00e7\u00f5es econ\u00f4micas favor\u00e1veis de cada regi\u00e3o, n\u00e3o olha para o lado social e, o que \u00e9 pior, como fica o futuro das pessoas e o clima entre os trabalhadores diante deste quadro de encerramento de ag\u00eancias?\u201d, questionou Carlos Cordeiro, presidente da Contraf-CUT, que participou da reuni\u00e3o.<\/p>\n<p>Pelo HSBC, estiveram presentes o diretor de Recursos Humanos, Juliano Ribeiro Marcilio, e o representante de Rela\u00e7\u00f5es Sindicais, Eliomar Scheffer.<\/p>\n<p><strong>Protestos de banc\u00e1rios e clientes<\/strong><\/p>\n<p>Em algumas regi\u00f5es do pa\u00eds, os banc\u00e1rios j\u00e1 v\u00eam realizando paralisa\u00e7\u00f5es e protestos contra o fechamento de ag\u00eancias. No \u00faltimo dia 21 de mar\u00e7o, o Sindicato dos Banc\u00e1rios de Petr\u00f3polis (RJ) fez uma manifesta\u00e7\u00e3o em frente \u00e0 ag\u00eancia Posse, \u00fanico estabelecimento banc\u00e1rio do distrito, depois de o banco ter anunciado que pretende encerrar a depend\u00eancia.<\/p>\n<p>A mobiliza\u00e7\u00e3o contou com apoio dos funcion\u00e1rios, moradores, imprensa, pol\u00edticos e empres\u00e1rios da cidade, resultando num abaixo-assinado contendo com 1.221 ades\u00f5es e reivindicando a manuten\u00e7\u00e3o das atividades da ag\u00eancia Posse. O documento foi entregue em m\u00e3os ao diretor do banco.<\/p>\n<p>\u201cA noticia do fechamento dessa ag\u00eancia n\u00e3o condiz com o potencial da regi\u00e3o e causou grande indigna\u00e7\u00e3o entre os moradores, que se perguntam como o banco pode simplesmente encerrar uma ag\u00eancia com um hist\u00f3rico de pioneirismo de 35 anos na cidade? Estamos aqui reivindicando que a dire\u00e7\u00e3o do banco reveja a sua decis\u00e3o de fechar a ag\u00eancia\u201d, cobrou o presidente do Sindicato dos Banc\u00e1rios de Petr\u00f3polis, Luiz Cl\u00e1udio.<\/p>\n<p><strong>Reestrutura\u00e7\u00e3o em andamento<\/strong><\/p>\n<p>O diretor de RH do HSBC explicou que o banco passa por uma grande reestrutura\u00e7\u00e3o mundial j\u00e1 anunciada pela alta dire\u00e7\u00e3o da empresa. Ele disse que no Brasil muitos executivos foram substitu\u00eddos, o banco est\u00e1 modificando programas internos, como por exemplo o da remunera\u00e7\u00e3o vari\u00e1vel, haver\u00e1 grande investimento tanto em capital como em infra estrutura para os pr\u00f3ximos tr\u00eas anos.<\/p>\n<p>Quando questionado se o banco tem plano de encerrar mais ag\u00eancias, Juliano disse n\u00e3o ter todas as informa\u00e7\u00f5es necess\u00e1rias para o momento, mas se comprometeu no prazo de uma semana retornar ao movimento sindical um quadro atualizado sobre a situa\u00e7\u00e3o, bem como ficou de trazer algumas solu\u00e7\u00f5es para os problemas das 17 ag\u00eancias apontadas. Ele afirmou ainda a disposi\u00e7\u00e3o do HSBC em organizar um f\u00f3rum especifico para dialogar sobre as ag\u00eancias do banco.<\/p>\n<p>Quando questionado sobre a retomada das negocia\u00e7\u00f5es especificas e o retorno sobre a formaliza\u00e7\u00e3o do Acordo Coletivo de Trabalho (ACT), Juliano disse estar dependendo da substitui\u00e7\u00e3o do ex-diretor de Rela\u00e7\u00f5es Sindicais, Antonio Carlos, que se se aposentou.<\/p>\n<p><strong>Banc\u00e1rios exigem prote\u00e7\u00e3o ao emprego<\/strong><\/p>\n<p>Ao final da reuni\u00e3o, os dirigentes sindicais cobraram a import\u00e2ncia de continuar tratando como prioridade a quest\u00e3o do fechamento de ag\u00eancias, independente de decis\u00f5es que digam respeito \u00e0s mudan\u00e7as de diretores ou programas internos do banco.<\/p>\n<p>\u201c\u00c9 vis\u00edvel o impacto negativo causado pela extin\u00e7\u00e3o de agencias do banco, chega a ser desumano, pois sabemos que, havendo boa vontade e disposi\u00e7\u00e3o da empresa, poder\u00e1 sim, quando n\u00e3o houver outra solu\u00e7\u00e3o, reaproveitar as pessoas dentro da empresa\u201d, defendeu Elias Hennemann Jordao, presidente da Fetec-CUT\/PR.<\/p>\n<p>Fonte: Contraf-CUT<\/p>\n","protected":false},"excerpt":{"rendered":"<p>Em reuni\u00e3o realizada nesta quarta-feira (02) no Pal\u00e1cio Avenida, em Curitiba, a Contraf-CUT, federa\u00e7\u00f5es e sindicatos manifestaram a preocupa\u00e7\u00e3o dos banc\u00e1rios com rela\u00e7\u00e3o \u00e0 decis\u00e3o do HSBC de fechar ag\u00eancias no Brasil. N\u00fameros preliminares levantados pelas entidades sindicais j\u00e1 apontam cerca de 17 ag\u00eancias encerradas e em torno de 150 trabalhadores j\u00e1 foram desligados em [&hellip;]<\/p>\n","protected":false},"author":1,"featured_media":0,"comment_status":"","ping_status":"","sticky":false,"template":"","format":"standard","meta":{"footnotes":""},"categories":[3],"tags":[],"class_list":["post-955","post","type-post","status-publish","format-standard","hentry","category-noticias"],"_links":{"self":[{"href":"https:\/\/hostnetart.com.br\/baixada\/wp-json\/wp\/v2\/posts\/955","targetHints":{"allow":["GET"]}}],"collection":[{"href":"https:\/\/hostnetart.com.br\/baixada\/wp-json\/wp\/v2\/posts"}],"about":[{"href":"https:\/\/hostnetart.com.br\/baixada\/wp-json\/wp\/v2\/types\/post"}],"author":[{"embeddable":true,"href":"https:\/\/hostnetart.com.br\/baixada\/wp-json\/wp\/v2\/users\/1"}],"replies":[{"embeddable":true,"href":"https:\/\/hostnetart.com.br\/baixada\/wp-json\/wp\/v2\/comments?post=955"}],"version-history":[{"count":0,"href":"https:\/\/hostnetart.com.br\/baixada\/wp-json\/wp\/v2\/posts\/955\/revisions"}],"wp:attachment":[{"href":"https:\/\/hostnetart.com.br\/baixada\/wp-json\/wp\/v2\/media?parent=955"}],"wp:term":[{"taxonomy":"category","embeddable":true,"href":"https:\/\/hostnetart.com.br\/baixada\/wp-json\/wp\/v2\/categories?post=955"},{"taxonomy":"post_tag","embeddable":true,"href":"https:\/\/hostnetart.com.br\/baixada\/wp-json\/wp\/v2\/tags?post=955"}],"curies":[{"name":"wp","href":"https:\/\/api.w.org\/{rel}","templated":true}]}}