{"id":9549,"date":"2020-08-28T14:55:58","date_gmt":"2020-08-28T17:55:58","guid":{"rendered":"https:\/\/hostnetart.com.br\/baixada\/28-de-agosto-dia-do-bancario\/"},"modified":"2020-08-28T14:55:58","modified_gmt":"2020-08-28T17:55:58","slug":"28-de-agosto-dia-do-bancario","status":"publish","type":"post","link":"https:\/\/hostnetart.com.br\/baixada\/28-de-agosto-dia-do-bancario\/","title":{"rendered":"28 de agosto, Dia do Banc\u00e1rio"},"content":{"rendered":"<p>Nesta sexta-feira, 28 de agosto, \u00e9 o Dia dos Banc\u00e1rios. N\u00e3o h\u00e1 d\u00favidas de o que eles mais queriam nesta data era o reconhecimento dos banqueiros de todos os esfor\u00e7os feito para manter altos lucros dos bancos no Brasil h\u00e1 muitos anos.<\/p>\n<p>Em 2020, ainda mais, por ser uma das categorias consideradas servi\u00e7os essenciais e que se colocou em risco, na linha de frente de atendimento da popula\u00e7\u00e3o em meio a pandemia do Coronav\u00edrus (Covid-19).<\/p>\n<p>\u201cHoje, mais do que nunca, temos que lembrar dessa hist\u00f3ria. Mais uma vez precisamos manter a categoria unida e nos fortalecer para lutarmos pelo reconhecimento dos banqueiros aos esfor\u00e7os da nossa categoria. Queremos uma proposta decente da Fenaban nas negocia\u00e7\u00f5es da Campanha Nacional 2020\u201d, afirmou a presidenta da Confedera\u00e7\u00e3o Nacional dos Trabalhadores do Ramo Financeiro (Contraf-CUT), Juvandia Moreira.<\/p>\n<h3>Hist\u00f3rico<\/h3>\n<p>Foi no dia 28 de agosto, em 1951, que os banc\u00e1rios decidiram cruzar os bra\u00e7os para reivindicar um reajuste salarial 40%. Os bancos queriam dar apenas 20%.<\/p>\n<p>Os \u00edndices oficiais do governo na \u00e9poca apontavam um aumento de 15,4% no custo de vida. Os banc\u00e1rios refizeram os c\u00e1lculos e o pr\u00f3prio governo teve que rever seus \u00edndices, que saltou para impressionantes 30,7%. Depois de 69 dias de paralisa\u00e7\u00e3o, os banc\u00e1rios conquistaram 31% de reajuste. Foi a maior greve da hist\u00f3ria da categoria. O dia 28 de agosto passou a ser considerado como o Dia do Banc\u00e1rio.<\/p>\n<h3>Import\u00e2ncia da greve<\/h3>\n<p>Mas, al\u00e9m do reajuste, a greve de 1951 tamb\u00e9m fez surgir sindicatos de banc\u00e1rios em v\u00e1rios pontos do pa\u00eds. Assim, tamb\u00e9m \u00e9 indiscut\u00edvel a import\u00e2ncia da greve para a organiza\u00e7\u00e3o da luta da categoria, que de l\u00e1 para c\u00e1 obteve muitas outras conquistas e, inclusive, \u00e9 a \u00fanica do pa\u00eds com um Conven\u00e7\u00e3o Coletiva de Trabalho (CCT) nacional.<\/p>\n<p>Outro m\u00e9rito da greve de 1951, foi a contesta\u00e7\u00e3o dos dados oficiais do governo. A partir desta contesta\u00e7\u00e3o surgiram as bases para a cria\u00e7\u00e3o do Departamento Intersindical de Estat\u00edstica e Estudos Socioecon\u00f4micos (Dieese). O Dieese surgiu com o objetivo de municiar os trabalhadores com dados estat\u00edsticos confi\u00e1veis.<\/p>\n<h3>Funda\u00e7\u00e3o da CUT<\/h3>\n<p>O dia 28 de agosto tamb\u00e9m deve ser comemorado como dia de luta por ser o dia de funda\u00e7\u00e3o da Central \u00danica dos Trabalhadores (CUT), durante o 1\u00ba Congresso Nacional da Classe Trabalhadora (Conclat), em 1983. Ainda durante a ditadura militar.<\/p>\n<p><strong>Fonte: Contraf-CUT<\/strong><\/p>\n","protected":false},"excerpt":{"rendered":"<p>Nesta sexta-feira, 28 de agosto, \u00e9 o Dia dos Banc\u00e1rios. N\u00e3o h\u00e1 d\u00favidas de o que eles mais queriam nesta data era o reconhecimento dos banqueiros de todos os esfor\u00e7os feito para manter altos lucros dos bancos no Brasil h\u00e1 muitos anos. Em 2020, ainda mais, por ser uma das categorias consideradas servi\u00e7os essenciais e [&hellip;]<\/p>\n","protected":false},"author":2,"featured_media":9548,"comment_status":"","ping_status":"","sticky":false,"template":"","format":"standard","meta":{"footnotes":""},"categories":[3],"tags":[],"class_list":["post-9549","post","type-post","status-publish","format-standard","has-post-thumbnail","hentry","category-noticias"],"_links":{"self":[{"href":"https:\/\/hostnetart.com.br\/baixada\/wp-json\/wp\/v2\/posts\/9549","targetHints":{"allow":["GET"]}}],"collection":[{"href":"https:\/\/hostnetart.com.br\/baixada\/wp-json\/wp\/v2\/posts"}],"about":[{"href":"https:\/\/hostnetart.com.br\/baixada\/wp-json\/wp\/v2\/types\/post"}],"author":[{"embeddable":true,"href":"https:\/\/hostnetart.com.br\/baixada\/wp-json\/wp\/v2\/users\/2"}],"replies":[{"embeddable":true,"href":"https:\/\/hostnetart.com.br\/baixada\/wp-json\/wp\/v2\/comments?post=9549"}],"version-history":[{"count":0,"href":"https:\/\/hostnetart.com.br\/baixada\/wp-json\/wp\/v2\/posts\/9549\/revisions"}],"wp:featuredmedia":[{"embeddable":true,"href":"https:\/\/hostnetart.com.br\/baixada\/wp-json\/wp\/v2\/media\/9548"}],"wp:attachment":[{"href":"https:\/\/hostnetart.com.br\/baixada\/wp-json\/wp\/v2\/media?parent=9549"}],"wp:term":[{"taxonomy":"category","embeddable":true,"href":"https:\/\/hostnetart.com.br\/baixada\/wp-json\/wp\/v2\/categories?post=9549"},{"taxonomy":"post_tag","embeddable":true,"href":"https:\/\/hostnetart.com.br\/baixada\/wp-json\/wp\/v2\/tags?post=9549"}],"curies":[{"name":"wp","href":"https:\/\/api.w.org\/{rel}","templated":true}]}}