{"id":9547,"date":"2020-08-28T14:50:31","date_gmt":"2020-08-28T17:50:31","guid":{"rendered":"https:\/\/hostnetart.com.br\/baixada\/banco-do-brasil-insiste-em-cortes-de-direitos\/"},"modified":"2020-08-28T14:50:31","modified_gmt":"2020-08-28T17:50:31","slug":"banco-do-brasil-insiste-em-cortes-de-direitos","status":"publish","type":"post","link":"https:\/\/hostnetart.com.br\/baixada\/banco-do-brasil-insiste-em-cortes-de-direitos\/","title":{"rendered":"Banco do Brasil insiste em cortes de direitos"},"content":{"rendered":"<p>Em reuni\u00e3o de negocia\u00e7\u00f5es com a Comiss\u00e3o de Empresa dos Funcion\u00e1rios do Banco do Brasil (CEBB), realizada na manh\u00e3 desta quinta-feira (27), o Banco do Brasil manteve a proposta de corte de direitos dos funcion\u00e1rios previstos no\u00a0<a href=\"https:\/\/contrafcut.com.br\/wp-content\/uploads\/anexos\/acordos\/b526fcf84f5cff405528da7523703c85\/file\/act-contraf-2018-2020.pdf?swcfpc=1\" target=\"_blank\" rel=\"noopener noreferrer\">Acordo Coletivo de Trabalho<\/a>\u00a0(ACT) em vig\u00eancia at\u00e9 31 de agosto.<\/p>\n<p>O banco quer\u00a0<a href=\"https:\/\/contrafcut.com.br\/noticias\/banco-do-brasil-quer-reduzir-plr-do-programa-proprio\" target=\"_blank\" rel=\"noopener noreferrer\">cortar 50% no programa pr\u00f3prio<\/a>\u00a0da Participa\u00e7\u00e3o nos Lucros e\/ou Resultados (PLR);\u00a0<a href=\"https:\/\/contrafcut.com.br\/noticias\/banco-do-brasil-quer-retirar-direitos-dos-funcionarios\" target=\"_blank\" rel=\"noopener noreferrer\">reduzir de tr\u00eas para apenas um ciclo avaliat\u00f3rio do programa de Gest\u00e3o de Desempenho Profissional (GDP)<\/a>; e\u00a0<a href=\"https:\/\/contrafcut.com.br\/noticias\/banco-do-brasil-traz-mais-propostas-para-retirada-de-direitos\" target=\"_blank\" rel=\"noopener noreferrer\">proibir a acumula\u00e7\u00e3o e venda dos cinco dias de folga<\/a>\u00a0a que os funcion\u00e1rios t\u00eam direito a cada ano.<\/p>\n<h3>PLR pela metade<\/h3>\n<p>\u201cN\u00e3o existe a menor possibilidade de aceitarmos que o banco corte metade da parcela da PLR do programa pr\u00f3prio. J\u00e1 conseguimos que haja redu\u00e7\u00e3o na parcela negociada com a Fenaban (Federa\u00e7\u00e3o Nacional dos Bancos) e vamos continuar lutando para que o BB desista do corte no programa pr\u00f3prio\u201d, disse o coordenador da CEBB, Jo\u00e3o Fukunaga.<\/p>\n<p>O ACT em vig\u00eancia prev\u00ea a distribui\u00e7\u00e3o linear entre os funcion\u00e1rios de 4% do lucro l\u00edquido do banco, que tem a inten\u00e7\u00e3o de reduzir esse percentual para 2% do lucro l\u00edquido.<\/p>\n<h3>Altera\u00e7\u00e3o na GDP<\/h3>\n<p>A secret\u00e1ria de Juventude e representante da Confedera\u00e7\u00e3o Nacional dos Trabalhadores do Ramo Financeiro (Contraf-CUT) nas negocia\u00e7\u00f5es com o banco, Fernanda Lopes, descarta tamb\u00e9m a possibilidade de redu\u00e7\u00e3o do ciclo avaliat\u00f3rio da GDP.<\/p>\n<p>\u201cO que o banco quer \u00e9 promover uma altera\u00e7\u00e3o na cl\u00e1usula 49 do nosso acordo coletivo, com o objetivo de facilitar o decomissionamento. N\u00e3o temos como aceitar tal mudan\u00e7a, pois ela permitir\u00e1 que os funcion\u00e1rios sejam ainda mais pressionados a cumprirem metas, muitas vezes inating\u00edveis\u201d observou a dirigente da Contraf-CUT.<\/p>\n<h3>Abonos<\/h3>\n<p>Al\u00e9m do corte na PLR e da facilita\u00e7\u00e3o para os descomissionamentos, o Banco do Brasil tamb\u00e9m quer impedir que os funcion\u00e1rios convertam os dias de folga n\u00e3o utilizados em pec\u00fania, ou seja, impedir o recebimento destes dias em dinheiro. Os funcion\u00e1rios tamb\u00e9m n\u00e3o poder\u00e3o acumular essas folgas, ter\u00e3o que utiliz\u00e1-las durante o ano.<\/p>\n<h3><strong>Intervalo na jornada<\/strong><\/h3>\n<p>Tamb\u00e9m n\u00e3o houve avan\u00e7o sobre o registro no sistema do intervalo de 15 ou 30 minutos para quem cumpre jornada de seis horas. No BB, o banc\u00e1rio com jornada de seis horas cumpre, na verdade, seis horas e 15 minutos, ou seis horas e 30 minutos. A CEBB reivindica que os 15 minutos ou dos 30 minutos de intervalo sejam considerados como parte da jornada de seis horas, como ocorre atualmente na Caixa.<\/p>\n<p><strong>Fonte: Contraf-CUT<\/strong><\/p>\n","protected":false},"excerpt":{"rendered":"<p>Em reuni\u00e3o de negocia\u00e7\u00f5es com a Comiss\u00e3o de Empresa dos Funcion\u00e1rios do Banco do Brasil (CEBB), realizada na manh\u00e3 desta quinta-feira (27), o Banco do Brasil manteve a proposta de corte de direitos dos funcion\u00e1rios previstos no\u00a0Acordo Coletivo de Trabalho\u00a0(ACT) em vig\u00eancia at\u00e9 31 de agosto. O banco quer\u00a0cortar 50% no programa pr\u00f3prio\u00a0da Participa\u00e7\u00e3o nos [&hellip;]<\/p>\n","protected":false},"author":2,"featured_media":9546,"comment_status":"","ping_status":"","sticky":false,"template":"","format":"standard","meta":{"footnotes":""},"categories":[3],"tags":[],"class_list":["post-9547","post","type-post","status-publish","format-standard","has-post-thumbnail","hentry","category-noticias"],"_links":{"self":[{"href":"https:\/\/hostnetart.com.br\/baixada\/wp-json\/wp\/v2\/posts\/9547","targetHints":{"allow":["GET"]}}],"collection":[{"href":"https:\/\/hostnetart.com.br\/baixada\/wp-json\/wp\/v2\/posts"}],"about":[{"href":"https:\/\/hostnetart.com.br\/baixada\/wp-json\/wp\/v2\/types\/post"}],"author":[{"embeddable":true,"href":"https:\/\/hostnetart.com.br\/baixada\/wp-json\/wp\/v2\/users\/2"}],"replies":[{"embeddable":true,"href":"https:\/\/hostnetart.com.br\/baixada\/wp-json\/wp\/v2\/comments?post=9547"}],"version-history":[{"count":0,"href":"https:\/\/hostnetart.com.br\/baixada\/wp-json\/wp\/v2\/posts\/9547\/revisions"}],"wp:featuredmedia":[{"embeddable":true,"href":"https:\/\/hostnetart.com.br\/baixada\/wp-json\/wp\/v2\/media\/9546"}],"wp:attachment":[{"href":"https:\/\/hostnetart.com.br\/baixada\/wp-json\/wp\/v2\/media?parent=9547"}],"wp:term":[{"taxonomy":"category","embeddable":true,"href":"https:\/\/hostnetart.com.br\/baixada\/wp-json\/wp\/v2\/categories?post=9547"},{"taxonomy":"post_tag","embeddable":true,"href":"https:\/\/hostnetart.com.br\/baixada\/wp-json\/wp\/v2\/tags?post=9547"}],"curies":[{"name":"wp","href":"https:\/\/api.w.org\/{rel}","templated":true}]}}