{"id":9543,"date":"2020-08-27T19:49:24","date_gmt":"2020-08-27T22:49:24","guid":{"rendered":"https:\/\/hostnetart.com.br\/baixada\/reajuste-zero-nao-da\/"},"modified":"2020-08-27T19:49:24","modified_gmt":"2020-08-27T22:49:24","slug":"reajuste-zero-nao-da","status":"publish","type":"post","link":"https:\/\/hostnetart.com.br\/baixada\/reajuste-zero-nao-da\/","title":{"rendered":"Reajuste Zero n\u00e3o d\u00e1"},"content":{"rendered":"<p>Na 12\u00aa segunda rodada de negocia\u00e7\u00f5es da Campanha Nacional 2020, realizada nesta quarta-feira (26), entre o Comando Nacional\u00a0d@s\u00a0Banc\u00e1ri@s\u00a0e a Federa\u00e7\u00e3o Nacional dos bancos (Fenaban), pouco se avan\u00e7ou na quest\u00e3o do reajuste salarial, mas houve recuo por parte dos representantes dos bancos na retirada de direitos da categoria.<\/p>\n<p>Nesta quinta-feira (27) \u00e0 noite haver\u00e1 assembleias em sindicatos de todo o pa\u00eds para avaliar as propostas da Fenaban. Uma negocia\u00e7\u00e3o ainda est\u00e1 marcada para esta quinta, antes das assembleias.<\/p>\n<p>Os bancos recuaram em mexer na regra da Participa\u00e7\u00e3o nos Lucros e Resultados (PLR) e ficou mantida a parcela adicional que \u00e9 de 2,2% do lucro l\u00edquido sem alterar a regra. Por\u00e9m, os representantes dos bancos insistiram no reajuste zero para 2020, s\u00f3 abono. Propuseram um abono de R$ 1.656,22 para este ano. Para o ano que vem, a proposta apresentada foi de repor 70% da infla\u00e7\u00e3o pelo \u00edndice do INPC a partir de 1\u00ba de setembro e os outros 30% depois de seis meses.<\/p>\n<p>\u201cAt\u00e9 agora, as propostas da Fenaban t\u00eam tido uma repercuss\u00e3o muito ruim para a categoria. As assembleias feitas nesta ter\u00e7a-feira (26) foram muito grandes em v\u00e1rias cidades. Temos assembleias nesta quinta, os bancos t\u00eam at\u00e9 \u00e0 noite pra colocar uma proposta decente de reajuste. N\u00e3o vamos defender uma proposta com reajuste zero. A categoria tem consci\u00eancia dos lucros que os bancos tiveram e tamb\u00e9m sabem o esfor\u00e7o que tiveram e sacrif\u00edcios para trabalhar durante essa pandemia\u201d, avaliou a presidente da Confedera\u00e7\u00e3o Nacional dos Trabalhadores do Ramo Financeiro (Contraf-CUT) e uma das coordenadoras do Comando Nacional, Juvandia Moreira.<\/p>\n<p>A quest\u00e3o da sa\u00fade e condi\u00e7\u00f5es de trabalho ainda dever\u00e3o ser discutidas entre o Comando e a Fenaban. Houve concord\u00e2ncia em negociar o teletrabalho, mas ainda n\u00e3o foi finalizada a quest\u00e3o da jornada, dos m\u00f3veis e dos valores. O Comando espera que a Fenaban sinalize no ressarcimento de custo de internet e com equipamentos.<\/p>\n<p>O Comando Nacional criticou a postura da Fenaban de insistir no reajuste zero para este ano e o parcelamento do INPC para 2021. Foi decidida uma nova negocia\u00e7\u00e3o para a tarde desta quinta-feira (27), antes das assembleias nos sindicatos. \u201cAs assembleias de amanh\u00e3 (quinta-feira, 27 de agosto) ser\u00e3o decisivas para o movimento. Esperamos que na negocia\u00e7\u00e3o desta quinta a gente avance porque sem reajuste os bancos v\u00e3o jogar os banc\u00e1rios pra greve\u201d, afirmou Juvandia.<\/p>\n<p><strong>Fonte: Contraf-CUT<\/strong><\/p>\n","protected":false},"excerpt":{"rendered":"<p>Na 12\u00aa segunda rodada de negocia\u00e7\u00f5es da Campanha Nacional 2020, realizada nesta quarta-feira (26), entre o Comando Nacional\u00a0d@s\u00a0Banc\u00e1ri@s\u00a0e a Federa\u00e7\u00e3o Nacional dos bancos (Fenaban), pouco se avan\u00e7ou na quest\u00e3o do reajuste salarial, mas houve recuo por parte dos representantes dos bancos na retirada de direitos da categoria. Nesta quinta-feira (27) \u00e0 noite haver\u00e1 assembleias em [&hellip;]<\/p>\n","protected":false},"author":2,"featured_media":9542,"comment_status":"","ping_status":"","sticky":false,"template":"","format":"standard","meta":{"footnotes":""},"categories":[3],"tags":[],"class_list":["post-9543","post","type-post","status-publish","format-standard","has-post-thumbnail","hentry","category-noticias"],"_links":{"self":[{"href":"https:\/\/hostnetart.com.br\/baixada\/wp-json\/wp\/v2\/posts\/9543","targetHints":{"allow":["GET"]}}],"collection":[{"href":"https:\/\/hostnetart.com.br\/baixada\/wp-json\/wp\/v2\/posts"}],"about":[{"href":"https:\/\/hostnetart.com.br\/baixada\/wp-json\/wp\/v2\/types\/post"}],"author":[{"embeddable":true,"href":"https:\/\/hostnetart.com.br\/baixada\/wp-json\/wp\/v2\/users\/2"}],"replies":[{"embeddable":true,"href":"https:\/\/hostnetart.com.br\/baixada\/wp-json\/wp\/v2\/comments?post=9543"}],"version-history":[{"count":0,"href":"https:\/\/hostnetart.com.br\/baixada\/wp-json\/wp\/v2\/posts\/9543\/revisions"}],"wp:featuredmedia":[{"embeddable":true,"href":"https:\/\/hostnetart.com.br\/baixada\/wp-json\/wp\/v2\/media\/9542"}],"wp:attachment":[{"href":"https:\/\/hostnetart.com.br\/baixada\/wp-json\/wp\/v2\/media?parent=9543"}],"wp:term":[{"taxonomy":"category","embeddable":true,"href":"https:\/\/hostnetart.com.br\/baixada\/wp-json\/wp\/v2\/categories?post=9543"},{"taxonomy":"post_tag","embeddable":true,"href":"https:\/\/hostnetart.com.br\/baixada\/wp-json\/wp\/v2\/tags?post=9543"}],"curies":[{"name":"wp","href":"https:\/\/api.w.org\/{rel}","templated":true}]}}