{"id":9541,"date":"2020-08-27T19:43:58","date_gmt":"2020-08-27T22:43:58","guid":{"rendered":"https:\/\/hostnetart.com.br\/baixada\/bndes-ataca-organizacao-dos-trabalhadores\/"},"modified":"2020-08-27T19:43:58","modified_gmt":"2020-08-27T22:43:58","slug":"bndes-ataca-organizacao-dos-trabalhadores","status":"publish","type":"post","link":"https:\/\/hostnetart.com.br\/baixada\/bndes-ataca-organizacao-dos-trabalhadores\/","title":{"rendered":"BNDES ataca organiza\u00e7\u00e3o dos trabalhadores"},"content":{"rendered":"<p>O Banco Nacional de Desenvolvimento Econ\u00f4mico e Social (BNDES) apresentou durante a segunda reuni\u00e3o de negocia\u00e7\u00f5es com a Comiss\u00e3o de Negocia\u00e7\u00f5es dos empregados, ocorrida nesta quarta-feira (26), propostas que atacam o direito da livre organiza\u00e7\u00e3o dos trabalhadores, segundo o vice-presidente e representante da Confedera\u00e7\u00e3o Nacional dos Trabalhadores do Ramo Financeiro (Contraf-CUT) nas negocia\u00e7\u00f5es com o banco, Vin\u00edcius de Assump\u00e7\u00e3o. Al\u00e9m disso, o banco se nega a assinar um acordo por dois anos.<\/p>\n<p>O vice-presidente da Contraf-CUT disse que o banco fez uma s\u00e9rie de ataques ao Acordo Coletivo de Trabalho, principalmente \u00e0s cl\u00e1usulas de organiza\u00e7\u00e3o sindical e, especificamente, com rela\u00e7\u00e3o \u00e0s associa\u00e7\u00f5es de funcion\u00e1rios. S\u00e3o propostas de retirada do direito de libera\u00e7\u00e3o de dirigentes, do desconto das mensalidades dos associados em folha e at\u00e9 do direito de reuni\u00e3o de organiza\u00e7\u00e3o de funcion\u00e1rios e o uso do audit\u00f3rio do banco pelas associa\u00e7\u00f5es. O banco tamb\u00e9m n\u00e3o quer reconhecer os delegados sindicais.<\/p>\n<p>\u201cAs propostas apresentadas pela comiss\u00e3o de negocia\u00e7\u00f5es do banco se configuram com um ataque brutal \u00e0s organiza\u00e7\u00f5es dos banc\u00e1rios no pa\u00eds. N\u00e3o temos not\u00edcias de uma ofensiva t\u00e3o intensa \u00e0 nossa organiza\u00e7\u00e3o\u201d, disse Vin\u00edcius. \u201cAs associa\u00e7\u00f5es fazem parte de nossa estrutura nacional de organiza\u00e7\u00e3o sindical. Ao tirar o direito de representa\u00e7\u00e3o das associa\u00e7\u00f5es \u00e9 o movimento sindical como um todo que est\u00e1 sendo atacado\u201d, completou ao observar que dos cerca de 2.600 funcion\u00e1rios que comp\u00f5em o quadro de trabalho do sistema BNDES (o banco, a Finame e o BNDESPAR), cerca de 2.000 fazem parte das associa\u00e7\u00f5es de funcion\u00e1rios.<\/p>\n<p>\u201cAs associa\u00e7\u00f5es s\u00e3o extremamente importantes para a organiza\u00e7\u00e3o sindical, dada \u00e0 representa\u00e7\u00e3o e legitimidade que elas possuem\u201d, afirmou o vice-presidente da Contraf-CUT. \u201cA \u00faltima assembleia contou com a participa\u00e7\u00e3o de 1.993 associados, que \u00e9 quase 100% dos associados e cerca de 77% de todos os funcion\u00e1rios\u201d, observou. \u201cTalvez seja exatamente por isso que o banco est\u00e1 atacando as associa\u00e7\u00f5es\u201d, concluiu.<\/p>\n<p>Vin\u00edcius disse, ainda, que o banco prop\u00f4s a retirada do ACT ao direito \u00e0 informa\u00e7\u00e3o aos dados relativos a emprego, cargos e sal\u00e1rios e informa\u00e7\u00f5es inerentes ao cotidiano do trabalhador, que contribuem para organiza\u00e7\u00e3o sindical.<\/p>\n<p>\u201cEssa falta de democracia e de transpar\u00eancia \u00e9 significativa. Demonstra a cara da gest\u00e3o que temos no banco e na Presid\u00eancia da Rep\u00fablica\u201d, criticou.<\/p>\n<h3>Outras cl\u00e1usulas em discuss\u00e3o<\/h3>\n<p>Al\u00e9m das cl\u00e1usulas sindicais e associativas, a reuni\u00e3o desta quarta-feira tratou sobre cl\u00e1usulas de sa\u00fade, previd\u00eancia e gerais.<\/p>\n<p>O banco quer retirar do Acordo Coletivo de Trabalho quest\u00f5es relacionadas \u00e0s altera\u00e7\u00f5es no plano de sa\u00fade e no estatuto da Funda\u00e7\u00e3o de Assist\u00eancia e Previd\u00eancia Social (Fapes) do BNDES, limitando o poder dos trabalhadores.<\/p>\n<h3>Calend\u00e1rio de negocia\u00e7\u00f5es<\/h3>\n<p>Est\u00e3o previstas reuni\u00f5es para esta quinta e sexta-feira. O banco prop\u00f4s discutir nesta quinta as cl\u00e1usulas econ\u00f4micas e assistenciais. E na sexta as cl\u00e1usulas institucionais e garantia de direitos. Os trabalhadores propuseram a invers\u00e3o das pautas. O banco vai dar a resposta aos trabalhadores ainda nesta quarta-feira.<\/p>\n<p><strong>Fonte: Contraf-CUT<\/strong><\/p>\n","protected":false},"excerpt":{"rendered":"<p>O Banco Nacional de Desenvolvimento Econ\u00f4mico e Social (BNDES) apresentou durante a segunda reuni\u00e3o de negocia\u00e7\u00f5es com a Comiss\u00e3o de Negocia\u00e7\u00f5es dos empregados, ocorrida nesta quarta-feira (26), propostas que atacam o direito da livre organiza\u00e7\u00e3o dos trabalhadores, segundo o vice-presidente e representante da Confedera\u00e7\u00e3o Nacional dos Trabalhadores do Ramo Financeiro (Contraf-CUT) nas negocia\u00e7\u00f5es com o [&hellip;]<\/p>\n","protected":false},"author":2,"featured_media":9540,"comment_status":"","ping_status":"","sticky":false,"template":"","format":"standard","meta":{"footnotes":""},"categories":[3],"tags":[],"class_list":["post-9541","post","type-post","status-publish","format-standard","has-post-thumbnail","hentry","category-noticias"],"_links":{"self":[{"href":"https:\/\/hostnetart.com.br\/baixada\/wp-json\/wp\/v2\/posts\/9541","targetHints":{"allow":["GET"]}}],"collection":[{"href":"https:\/\/hostnetart.com.br\/baixada\/wp-json\/wp\/v2\/posts"}],"about":[{"href":"https:\/\/hostnetart.com.br\/baixada\/wp-json\/wp\/v2\/types\/post"}],"author":[{"embeddable":true,"href":"https:\/\/hostnetart.com.br\/baixada\/wp-json\/wp\/v2\/users\/2"}],"replies":[{"embeddable":true,"href":"https:\/\/hostnetart.com.br\/baixada\/wp-json\/wp\/v2\/comments?post=9541"}],"version-history":[{"count":0,"href":"https:\/\/hostnetart.com.br\/baixada\/wp-json\/wp\/v2\/posts\/9541\/revisions"}],"wp:featuredmedia":[{"embeddable":true,"href":"https:\/\/hostnetart.com.br\/baixada\/wp-json\/wp\/v2\/media\/9540"}],"wp:attachment":[{"href":"https:\/\/hostnetart.com.br\/baixada\/wp-json\/wp\/v2\/media?parent=9541"}],"wp:term":[{"taxonomy":"category","embeddable":true,"href":"https:\/\/hostnetart.com.br\/baixada\/wp-json\/wp\/v2\/categories?post=9541"},{"taxonomy":"post_tag","embeddable":true,"href":"https:\/\/hostnetart.com.br\/baixada\/wp-json\/wp\/v2\/tags?post=9541"}],"curies":[{"name":"wp","href":"https:\/\/api.w.org\/{rel}","templated":true}]}}