{"id":9529,"date":"2020-08-26T14:13:38","date_gmt":"2020-08-26T17:13:38","guid":{"rendered":"https:\/\/hostnetart.com.br\/baixada\/plr-volta-a-ser-pauta-da-mesa-de-negociacoes-do-act-da-caixa\/"},"modified":"2020-08-26T14:13:38","modified_gmt":"2020-08-26T17:13:38","slug":"plr-volta-a-ser-pauta-da-mesa-de-negociacoes-do-act-da-caixa","status":"publish","type":"post","link":"https:\/\/hostnetart.com.br\/baixada\/plr-volta-a-ser-pauta-da-mesa-de-negociacoes-do-act-da-caixa\/","title":{"rendered":"PLR volta a ser pauta da mesa de negocia\u00e7\u00f5es do ACT da Caixa"},"content":{"rendered":"<p>A Participa\u00e7\u00e3o nos Lucros e Resultados (PLR) volta a ser o tema da rodada de negocia\u00e7\u00f5es do Acordo Coletivo de Trabalho (ACT), entre Comiss\u00e3o Executiva dos Empregados (CEE) da Caixa e a dire\u00e7\u00e3o do banco, nesta quarta-feira (26).<\/p>\n<p>No \u00faltimo encontro, realizado na segunda-feira (24), a Caixa n\u00e3o apresentou nenhuma proposta, com a justificativa de que aguardaria defini\u00e7\u00f5es da Federa\u00e7\u00e3o Nacional dos Bancos (Fenaban) para a mesa \u00fanica de negocia\u00e7\u00e3o \u2013 realizada nesta ter\u00e7a-feira (25).<\/p>\n<p>A Comiss\u00e3o, por sua vez, cobrou apresenta\u00e7\u00e3o de propostas para todos os temas reivindicados na minuta entregue, bem como a proposta referente ao Sa\u00fade Caixa, que atenda aos princ\u00edpios do mutualismo, solidariedade, pacto geracional e que seja vi\u00e1vel a todos os empregados, incluindo os que hoje n\u00e3o tem acesso.<\/p>\n<p>\u201cAguardamos que a Caixa mantenha a PLR Social, ainda mais considerando todo o trabalho desprendido pelos empregados este ano em torno do aux\u00edlio emergencial. Seria uma afronta n\u00e3o garantir isso. Mas, al\u00e9m disso nossa pauta \u00e9 que ela mantenha os direitos que conquistamos e avance em pontos como contrata\u00e7\u00e3o, PCDs e teletrabalho\u201d, afirmou a coordenadora da CEE\/Caixa e secret\u00e1ria da Cultura da Confedera\u00e7\u00e3o Nacional dos Trabalhadores do Ramo Financeiro (Contraf-CUT), Fabiana Uehara Proscholdt.<\/p>\n<p><strong>Fonte: Contraf-CUT<\/strong><\/p>\n","protected":false},"excerpt":{"rendered":"<p>A Participa\u00e7\u00e3o nos Lucros e Resultados (PLR) volta a ser o tema da rodada de negocia\u00e7\u00f5es do Acordo Coletivo de Trabalho (ACT), entre Comiss\u00e3o Executiva dos Empregados (CEE) da Caixa e a dire\u00e7\u00e3o do banco, nesta quarta-feira (26). No \u00faltimo encontro, realizado na segunda-feira (24), a Caixa n\u00e3o apresentou nenhuma proposta, com a justificativa de [&hellip;]<\/p>\n","protected":false},"author":2,"featured_media":9528,"comment_status":"","ping_status":"","sticky":false,"template":"","format":"standard","meta":{"footnotes":""},"categories":[3],"tags":[],"class_list":["post-9529","post","type-post","status-publish","format-standard","has-post-thumbnail","hentry","category-noticias"],"_links":{"self":[{"href":"https:\/\/hostnetart.com.br\/baixada\/wp-json\/wp\/v2\/posts\/9529","targetHints":{"allow":["GET"]}}],"collection":[{"href":"https:\/\/hostnetart.com.br\/baixada\/wp-json\/wp\/v2\/posts"}],"about":[{"href":"https:\/\/hostnetart.com.br\/baixada\/wp-json\/wp\/v2\/types\/post"}],"author":[{"embeddable":true,"href":"https:\/\/hostnetart.com.br\/baixada\/wp-json\/wp\/v2\/users\/2"}],"replies":[{"embeddable":true,"href":"https:\/\/hostnetart.com.br\/baixada\/wp-json\/wp\/v2\/comments?post=9529"}],"version-history":[{"count":0,"href":"https:\/\/hostnetart.com.br\/baixada\/wp-json\/wp\/v2\/posts\/9529\/revisions"}],"wp:featuredmedia":[{"embeddable":true,"href":"https:\/\/hostnetart.com.br\/baixada\/wp-json\/wp\/v2\/media\/9528"}],"wp:attachment":[{"href":"https:\/\/hostnetart.com.br\/baixada\/wp-json\/wp\/v2\/media?parent=9529"}],"wp:term":[{"taxonomy":"category","embeddable":true,"href":"https:\/\/hostnetart.com.br\/baixada\/wp-json\/wp\/v2\/categories?post=9529"},{"taxonomy":"post_tag","embeddable":true,"href":"https:\/\/hostnetart.com.br\/baixada\/wp-json\/wp\/v2\/tags?post=9529"}],"curies":[{"name":"wp","href":"https:\/\/api.w.org\/{rel}","templated":true}]}}