{"id":9527,"date":"2020-08-25T23:30:03","date_gmt":"2020-08-26T02:30:03","guid":{"rendered":"https:\/\/hostnetart.com.br\/baixada\/fenaban-propoe-acordo-de-reajuste-zero-por-dois-anos\/"},"modified":"2020-08-25T23:30:03","modified_gmt":"2020-08-26T02:30:03","slug":"fenaban-propoe-acordo-de-reajuste-zero-por-dois-anos","status":"publish","type":"post","link":"https:\/\/hostnetart.com.br\/baixada\/fenaban-propoe-acordo-de-reajuste-zero-por-dois-anos\/","title":{"rendered":"Fenaban prop\u00f5e acordo de reajuste zero por dois anos"},"content":{"rendered":"<p>A Federa\u00e7\u00e3o Nacional dos Bancos (Fenaban) quer que os banc\u00e1rios fiquem sem reajuste nos sal\u00e1rios por dois anos. Propuseram um abono de R$ 1.656,22 para este ano e de R$ 2.232, 75 para 2021. Retornaram com a figura do abono salarial, que n\u00e3o rep\u00f5em metade da infla\u00e7\u00e3o do per\u00edodo. Pioraram ainda mais a proposta de Participa\u00e7\u00e3o nos Lucros e Resultados (PLR). O Comando rejeitou a nova proposta na mesa e vai se basear na resposta que a categoria dar\u00e1 nas assembleias para definir as pr\u00f3ximas a\u00e7\u00f5es.<\/p>\n<p>A reuni\u00e3o desta ter\u00e7a-feira (25) foi a 11\u00aa das negocia\u00e7\u00f5es da Campanha Nacional deste ano. As desvantagens s\u00e3o v\u00e1rias com o abono. Primeiro que a quantia representa apenas metade da infla\u00e7\u00e3o no sal\u00e1rio m\u00e9dio do banc\u00e1rio. Depois, que o valor do abono n\u00e3o incide sobre d\u00e9cimo terceiro sal\u00e1rio, f\u00e9rias, previd\u00eancia. A \u00fanica incid\u00eancia ser\u00e1 o desconto no Imposto de Renda e do valor do abono, pouco sobrar\u00e1 para @s banc\u00e1ri@s.<\/p>\n<p>\u201cOs banc\u00e1rios se arriscaram muito este ano para receber uma proposta de retirada de direitos. Os bancos continuam querendo mudar a regra da PLR e hoje inventaram mais uma proposta que \u00e9 pior que todas as outras. Propor abono sem \u00edndice \u00e9 impor uma perda nos sal\u00e1rios dos banc\u00e1rios muito grande. N\u00e3o h\u00e1 possibilidade de acordo de dois anos com abono. Ningu\u00e9m sabe qual ser\u00e1 a infla\u00e7\u00e3o do ano que vem\u201d disse a presidenta da Confedera\u00e7\u00e3o Nacional dos Trabalhadores do Ramo Financeira (Contraf-CUT), Juvandia Moreira. A Fenaban tamb\u00e9m recuou na redu\u00e7\u00e3o da gratifica\u00e7\u00e3o de fun\u00e7\u00e3o, que volta a 55%.<\/p>\n<p>PLR<\/p>\n<p>Na proposta de PLR feita nesta ter\u00e7a-feira pelos bancos, apesar de terem retornado alguns valores fixos aos patamares atuais, os bancos mantiveram a redu\u00e7\u00e3o do percentual da parcela adicional e a redu\u00e7\u00e3o do acelerador da regra b\u00e1sica. Al\u00e9m disso, trouxeram uma quest\u00e3o nova que n\u00e3o havia surgido nas outras propostas: uma limita\u00e7\u00e3o do valor que os bancos poder\u00e3o gastar com PLR ao mesmo percentual distribu\u00eddo em 2019. Como em 2019, os lucros dos bancos bateram recordes, os percentuais deste lucro distribu\u00eddos foram pequenos.<\/p>\n<p>Agora os bancos querem replicar esses percentuais pequenos, mas em cima de um lucro inferior, o que ir\u00e1 piorar ainda mais o valor que os banc\u00e1rios receberiam este ano. Na primeira proposta da Fenaban, no dia 14, os 3 maiores bancos privados distribuiriam em m\u00e9dia 6,8% de seus lucros l\u00edquidos. Na segunda proposta, no s\u00e1bado (22), esse percentual aumentaria para 6,9%. J\u00e1 na proposta desta ter\u00e7a-feira (25), em fun\u00e7\u00e3o da inclus\u00e3o do limitador o percentual distribu\u00eddo seria de 6,2%, que foi o patamar de 2019. Veja as diferen\u00e7as para o sal\u00e1rio m\u00e9dio da categoria:<\/p>\n<figure class=\"wp-block-image size-large\"><img fetchpriority=\"high\" decoding=\"async\" class=\"wp-image-283211\" src=\"https:\/\/contrafcut.com.br\/wp-content\/uploads\/2020\/08\/whatsapp-image-2020-08-25-at-19-29-24.jpeg\" sizes=\"(max-width: 837px) 100vw, 837px\" srcset=\"https:\/\/contrafcut.com.br\/wp-content\/uploads\/2020\/08\/whatsapp-image-2020-08-25-at-19-29-24.jpeg 837w, https:\/\/contrafcut.com.br\/wp-content\/uploads\/2020\/08\/whatsapp-image-2020-08-25-at-19-29-24-150x230.jpeg 150w, https:\/\/contrafcut.com.br\/wp-content\/uploads\/2020\/08\/whatsapp-image-2020-08-25-at-19-29-24-768x1174.jpeg 768w\" alt=\"\" width=\"837\" height=\"1280\" \/><\/figure>\n<p>Os bancos tamb\u00e9m mantiveram a proposta de reduzir os limites de distribui\u00e7\u00e3o do lucro l\u00edquido. Na atual Conven\u00e7\u00e3o Coletiva de Trabalho, esse limite m\u00ednimo \u00e9 de 7% (5% de regra b\u00e1sica mais 2,2% de parcela adicional) e o limite m\u00e1ximo de 15% (12,8% de regra b\u00e1sica mais 2,2% de parcela adicional). Os bancos prop\u00f5em uma redu\u00e7\u00e3o de 0,2% nas parcelas adicionais, seja no limite m\u00ednimo ou no m\u00e1ximo. \u201cPara os bancos pode ser pouco, mas uma v\u00edrgula significa 500 reais a menos para os banc\u00e1rios e suas fam\u00edlias\u201d, comentou a presidenta da Contraf-CUT sobre essa proposta.<\/p>\n<p>Juvandia tamb\u00e9m estranhou o fato de a Fenaban querer mudar a regra para a PLR, que j\u00e1 prev\u00ea um repasse menor quando o lucro tamb\u00e9m for menor. \u201cA PLR vai ser reduzida naturalmente, @s banc\u00e1ri@s\u00a0v\u00e3o ter uma redu\u00e7\u00e3o m\u00e9dia de 25%. Parece que os bancos imaginam que a gente n\u00e3o sabe fazer conta. Os bancos s\u00f3 querem jogar com as atuais regras quando est\u00e3o ganhando? Quando n\u00e3o ganham tanto, querem outras regras?\u201d, questionou a presidenta da Contraf-CUT.<\/p>\n<h3>Assembleias permanentes<\/h3>\n<p>Nesta quarta-feira (26), novamente \u00e0s 14h, o Comando Nacional\u00a0d@s\u00a0Banc\u00e1ri@s\u00a0se re\u00fane com a Fenaban para uma nova tentativa de negocia\u00e7\u00e3o. \u201cTamb\u00e9m cobramos avan\u00e7os nas mesas espec\u00edficas\u201d, lembrou Juvandia. O Comando e a Fenaban ainda v\u00e3o negociar as cl\u00e1usulas sobre sa\u00fade e condi\u00e7\u00f5es de trabalho.<\/p>\n<p>Como a Fenaban n\u00e3o atendeu a nenhuma das pautas da Minuta aprovada pela categoria, sindicatos de todo o pa\u00eds devem entrar em processo de assembleia permanente para avaliar eventuais mudan\u00e7as nas negocia\u00e7\u00f5es nos pr\u00f3ximos dias. \u201cCom certeza, nunca negociamos em um cen\u00e1rio como esse e chegamos na mesa com a categoria bem decepcionada As assembleias de quinta-feira (27) ser\u00e3o decisivas\u201d, concluiu a presidenta da Contraf-CUT.<\/p>\n<p>Os banc\u00e1rios realizam um novo tuita\u00e7o nesta quarta-feira, \u00e0s 13h, com a #BancosExploram para pressionar a Fenaban a fazer uma proposta decente para a categoria.<\/p>\n<p><strong>Fonte: Contraf-CUT<\/strong><\/p>\n","protected":false},"excerpt":{"rendered":"<p>A Federa\u00e7\u00e3o Nacional dos Bancos (Fenaban) quer que os banc\u00e1rios fiquem sem reajuste nos sal\u00e1rios por dois anos. Propuseram um abono de R$ 1.656,22 para este ano e de R$ 2.232, 75 para 2021. Retornaram com a figura do abono salarial, que n\u00e3o rep\u00f5em metade da infla\u00e7\u00e3o do per\u00edodo. Pioraram ainda mais a proposta de [&hellip;]<\/p>\n","protected":false},"author":2,"featured_media":9526,"comment_status":"","ping_status":"","sticky":false,"template":"","format":"standard","meta":{"footnotes":""},"categories":[3],"tags":[],"class_list":["post-9527","post","type-post","status-publish","format-standard","has-post-thumbnail","hentry","category-noticias"],"_links":{"self":[{"href":"https:\/\/hostnetart.com.br\/baixada\/wp-json\/wp\/v2\/posts\/9527","targetHints":{"allow":["GET"]}}],"collection":[{"href":"https:\/\/hostnetart.com.br\/baixada\/wp-json\/wp\/v2\/posts"}],"about":[{"href":"https:\/\/hostnetart.com.br\/baixada\/wp-json\/wp\/v2\/types\/post"}],"author":[{"embeddable":true,"href":"https:\/\/hostnetart.com.br\/baixada\/wp-json\/wp\/v2\/users\/2"}],"replies":[{"embeddable":true,"href":"https:\/\/hostnetart.com.br\/baixada\/wp-json\/wp\/v2\/comments?post=9527"}],"version-history":[{"count":0,"href":"https:\/\/hostnetart.com.br\/baixada\/wp-json\/wp\/v2\/posts\/9527\/revisions"}],"wp:featuredmedia":[{"embeddable":true,"href":"https:\/\/hostnetart.com.br\/baixada\/wp-json\/wp\/v2\/media\/9526"}],"wp:attachment":[{"href":"https:\/\/hostnetart.com.br\/baixada\/wp-json\/wp\/v2\/media?parent=9527"}],"wp:term":[{"taxonomy":"category","embeddable":true,"href":"https:\/\/hostnetart.com.br\/baixada\/wp-json\/wp\/v2\/categories?post=9527"},{"taxonomy":"post_tag","embeddable":true,"href":"https:\/\/hostnetart.com.br\/baixada\/wp-json\/wp\/v2\/tags?post=9527"}],"curies":[{"name":"wp","href":"https:\/\/api.w.org\/{rel}","templated":true}]}}