{"id":9525,"date":"2020-08-25T14:49:29","date_gmt":"2020-08-25T17:49:29","guid":{"rendered":"https:\/\/hostnetart.com.br\/baixada\/hoje-tem-negociacao-com-a-fenaban-em-semana-decisiva-para-a-categoria\/"},"modified":"2020-08-25T14:49:29","modified_gmt":"2020-08-25T17:49:29","slug":"hoje-tem-negociacao-com-a-fenaban-em-semana-decisiva-para-a-categoria","status":"publish","type":"post","link":"https:\/\/hostnetart.com.br\/baixada\/hoje-tem-negociacao-com-a-fenaban-em-semana-decisiva-para-a-categoria\/","title":{"rendered":"Hoje tem negocia\u00e7\u00e3o com a Fenaban em semana decisiva para a categoria"},"content":{"rendered":"<p>Hoje \u00e9 dia de negocia\u00e7\u00e3o, de tuita\u00e7o e de mobiliza\u00e7\u00e3o. At\u00e9 agora, a Federa\u00e7\u00e3o Nacional dos Bancos (Fenaban) n\u00e3o apresentou nada de bom para a categoria banc\u00e1ria nas negocia\u00e7\u00f5es que come\u00e7aram h\u00e1 quase um m\u00eas. Os representantes dos bancos se re\u00fanem logo mais, \u00e0s 14h, com o Comando Nacional\u00a0d@s\u00a0Banc\u00e1ri@s\u00a0para entregar uma nova proposta de negocia\u00e7\u00e3o. \u00c0 noite, sindicatos de banc\u00e1ri@s\u00a0de todo o pa\u00eds realizam assembleias e plen\u00e1rias organizativas para decidirem o caminho dessa campanha.<\/p>\n<p>At\u00e9 agora, foi muito pouco. Os bancos come\u00e7aram dizendo que dariam reajuste zero, sem aumento real, cancelariam a 13\u00aa cesta e reduziriam a PLR, entre outros retrocessos. No s\u00e1bado (22), modificaram um pouco: desistiram de acabar com a 13\u00aa cesta e apresentaram nova proposta de PLR, ainda muito distante da reivindica\u00e7\u00e3o da categoria. Para hoje, prometem tamb\u00e9m apresentar propostas de regulamenta\u00e7\u00e3o do teletrabalho. Vamos ver.<\/p>\n<p><strong>Tuita\u00e7o<\/strong><\/p>\n<p>O Comando Nacional da categoria marcou para hoje \u00e0s 13h um tuita\u00e7o para pressionar os bancos a atenderem \u00e0s reivindica\u00e7\u00f5es. Participe com a hashtag #QueroPropostaDecente. Ap\u00f3s as negocia\u00e7\u00f5es, haver\u00e1 plen\u00e1rias e assembleias organizativas em todos os sindicatos. Participe das mobiliza\u00e7\u00f5es porque estamos em um momento decisivo! Ao final da reuni\u00e3o de negocia\u00e7\u00e3o de hoje, voc\u00ea poder\u00e1 saber as novidades pelo site. Acompanhe as negocia\u00e7\u00f5es pelas nossas redes sociais.<\/p>\n<p><strong>Fonte: Contraf-CUT<\/strong><\/p>\n","protected":false},"excerpt":{"rendered":"<p>Hoje \u00e9 dia de negocia\u00e7\u00e3o, de tuita\u00e7o e de mobiliza\u00e7\u00e3o. At\u00e9 agora, a Federa\u00e7\u00e3o Nacional dos Bancos (Fenaban) n\u00e3o apresentou nada de bom para a categoria banc\u00e1ria nas negocia\u00e7\u00f5es que come\u00e7aram h\u00e1 quase um m\u00eas. Os representantes dos bancos se re\u00fanem logo mais, \u00e0s 14h, com o Comando Nacional\u00a0d@s\u00a0Banc\u00e1ri@s\u00a0para entregar uma nova proposta de negocia\u00e7\u00e3o. [&hellip;]<\/p>\n","protected":false},"author":2,"featured_media":9524,"comment_status":"","ping_status":"","sticky":false,"template":"","format":"standard","meta":{"footnotes":""},"categories":[3],"tags":[],"class_list":["post-9525","post","type-post","status-publish","format-standard","has-post-thumbnail","hentry","category-noticias"],"_links":{"self":[{"href":"https:\/\/hostnetart.com.br\/baixada\/wp-json\/wp\/v2\/posts\/9525","targetHints":{"allow":["GET"]}}],"collection":[{"href":"https:\/\/hostnetart.com.br\/baixada\/wp-json\/wp\/v2\/posts"}],"about":[{"href":"https:\/\/hostnetart.com.br\/baixada\/wp-json\/wp\/v2\/types\/post"}],"author":[{"embeddable":true,"href":"https:\/\/hostnetart.com.br\/baixada\/wp-json\/wp\/v2\/users\/2"}],"replies":[{"embeddable":true,"href":"https:\/\/hostnetart.com.br\/baixada\/wp-json\/wp\/v2\/comments?post=9525"}],"version-history":[{"count":0,"href":"https:\/\/hostnetart.com.br\/baixada\/wp-json\/wp\/v2\/posts\/9525\/revisions"}],"wp:featuredmedia":[{"embeddable":true,"href":"https:\/\/hostnetart.com.br\/baixada\/wp-json\/wp\/v2\/media\/9524"}],"wp:attachment":[{"href":"https:\/\/hostnetart.com.br\/baixada\/wp-json\/wp\/v2\/media?parent=9525"}],"wp:term":[{"taxonomy":"category","embeddable":true,"href":"https:\/\/hostnetart.com.br\/baixada\/wp-json\/wp\/v2\/categories?post=9525"},{"taxonomy":"post_tag","embeddable":true,"href":"https:\/\/hostnetart.com.br\/baixada\/wp-json\/wp\/v2\/tags?post=9525"}],"curies":[{"name":"wp","href":"https:\/\/api.w.org\/{rel}","templated":true}]}}