{"id":9521,"date":"2020-08-25T03:06:14","date_gmt":"2020-08-25T06:06:14","guid":{"rendered":"https:\/\/hostnetart.com.br\/baixada\/banco-do-brasil-quer-reduzir-plr-do-programa-proprio\/"},"modified":"2020-08-25T03:06:14","modified_gmt":"2020-08-25T06:06:14","slug":"banco-do-brasil-quer-reduzir-plr-do-programa-proprio","status":"publish","type":"post","link":"https:\/\/hostnetart.com.br\/baixada\/banco-do-brasil-quer-reduzir-plr-do-programa-proprio\/","title":{"rendered":"Banco do Brasil quer reduzir PLR do programa pr\u00f3prio"},"content":{"rendered":"<p>O Banco do Brasil se manteve irredut\u00edvel no corte de direitos apresentados nas\u00a0<a href=\"https:\/\/contrafcut.com.br\/noticias\/banco-do-brasil-traz-mais-propostas-para-retirada-de-direitos\/\" target=\"_blank\" rel=\"noopener noreferrer\">reuni\u00f5es anteriores<\/a>\u00a0e, na reuni\u00e3o desta segunda-feira (24), apresentou mais uma proposta que afetar\u00e1 diretamente a renda dos funcion\u00e1rios: a redu\u00e7\u00e3o da PLR linear paga pelo programa pr\u00f3prio do banco.<\/p>\n<p>No\u00a0<a href=\"https:\/\/contrafcut.com.br\/wp-content\/uploads\/anexos\/acordos\/b526fcf84f5cff405528da7523703c85\/file\/act-contraf-2018-2020.pdf\" target=\"_blank\" rel=\"noopener noreferrer\">Acordo Coletivo de Trabalho<\/a>\u00a0em vig\u00eancia, o banco distribui 4% de seu lucro l\u00edquido linearmente entre os funcion\u00e1rios. O Banco quer reduzir esse percentual para 2% do lucro l\u00edquido.<\/p>\n<p>\u201cA\u00a0<a href=\"https:\/\/contrafcut.com.br\/noticias\/negociacao-com-fenaban-nao-avanca-o-suficiente-e-bancarios-se-mobilizam\/\" target=\"_blank\" rel=\"noopener noreferrer\">redu\u00e7\u00e3o proposta na mesa \u00fanica<\/a>\u00a0de negocia\u00e7\u00f5es j\u00e1 levava a uma queda de at\u00e9 48% do valor pago aos trabalhadores. Com essa redu\u00e7\u00e3o de 50% do programa pr\u00f3prio do banco o valor cair\u00e1 ainda mais. \u00c9 inaceit\u00e1vel!\u201d, disse o coordenador da Comiss\u00e3o de Empresa dos Funcion\u00e1rios do Banco do Brasil (CEBB), Jo\u00e3o Fukunaga. \u201cCom essa proposta, o banco n\u00e3o nos d\u00e1 alternativa. Ele est\u00e1 jogando os funcion\u00e1rios para a greve\u201d, completou. A redu\u00e7\u00e3o chega a 42% do valor nos sal\u00e1rios de ingresso (escritur\u00e1rios e caixa).<\/p>\n<h3>Mais cortes de direitos<\/h3>\n<p>Nas \u00faltimas reuni\u00f5es de negocia\u00e7\u00f5es, o Banco do Brasil j\u00e1 havia apresentado propostas de retiradas de direitos dos funcion\u00e1rios. Primeiro levantou a possibilidade de redu\u00e7\u00e3o do tempo de avalia\u00e7\u00e3o necess\u00e1rio para retirada de comiss\u00e3o de fun\u00e7\u00e3o e, na \u00faltima reuni\u00e3o, apresentou a proibi\u00e7\u00e3o da acumula\u00e7\u00e3o e venda dos cinco dias de folga a que o funcion\u00e1rio tem direito a cada ano; o fim do descanso de 10 minutos a cada hora para os funcion\u00e1rios do autoatendimento; o registro de ponto do intervalo de 30 minutos para almo\u00e7o; e a implanta\u00e7\u00e3o do ponto eletr\u00f4nico para os funcion\u00e1rios do BB Seguridade, BBDTVM e outras subsidi\u00e1rias do banco.<\/p>\n<p>\u201c\u00c9 pauta do governo Bolsonaro, que quer<a href=\"https:\/\/agenciabrasil.ebc.com.br\/politica\/noticia\/2020-05\/guedes-pede-contribuicao-de-servidores-publicos-para-superar-crise\" target=\"_blank\" rel=\"noopener noreferrer\">\u00a0rebaixar sal\u00e1rios e reduzir direitos de todos os trabalhadores de empresas estatais<\/a>, inclusive dos bancos p\u00fablicos\u201d, avaliou Fukunaga.<\/p>\n<p>\u201cOs funcion\u00e1rios n\u00e3o aceitam esses ataques. Entendemos que o Banco do Brasil n\u00e3o apenas t\u00eam totais condi\u00e7\u00f5es de manter todos os nossos direitos, mas tamb\u00e9m atender todas as nossas reivindica\u00e7\u00f5es. Os funcion\u00e1rios est\u00e3o mobilizados e v\u00e3o lutar para que elas sejam atendidas\u201d, disse a secret\u00e1ria da Juventude e representante da Confedera\u00e7\u00e3o Nacional dos Trabalhadores do Ramo Financeiro (Contraf-CUT) nas negocia\u00e7\u00f5es com o banco, Fernanda Lopes.<\/p>\n<p><strong>Fonte: Contraf-CUT<\/strong><\/p>\n","protected":false},"excerpt":{"rendered":"<p>O Banco do Brasil se manteve irredut\u00edvel no corte de direitos apresentados nas\u00a0reuni\u00f5es anteriores\u00a0e, na reuni\u00e3o desta segunda-feira (24), apresentou mais uma proposta que afetar\u00e1 diretamente a renda dos funcion\u00e1rios: a redu\u00e7\u00e3o da PLR linear paga pelo programa pr\u00f3prio do banco. No\u00a0Acordo Coletivo de Trabalho\u00a0em vig\u00eancia, o banco distribui 4% de seu lucro l\u00edquido linearmente [&hellip;]<\/p>\n","protected":false},"author":2,"featured_media":9520,"comment_status":"","ping_status":"","sticky":false,"template":"","format":"standard","meta":{"footnotes":""},"categories":[3],"tags":[],"class_list":["post-9521","post","type-post","status-publish","format-standard","has-post-thumbnail","hentry","category-noticias"],"_links":{"self":[{"href":"https:\/\/hostnetart.com.br\/baixada\/wp-json\/wp\/v2\/posts\/9521","targetHints":{"allow":["GET"]}}],"collection":[{"href":"https:\/\/hostnetart.com.br\/baixada\/wp-json\/wp\/v2\/posts"}],"about":[{"href":"https:\/\/hostnetart.com.br\/baixada\/wp-json\/wp\/v2\/types\/post"}],"author":[{"embeddable":true,"href":"https:\/\/hostnetart.com.br\/baixada\/wp-json\/wp\/v2\/users\/2"}],"replies":[{"embeddable":true,"href":"https:\/\/hostnetart.com.br\/baixada\/wp-json\/wp\/v2\/comments?post=9521"}],"version-history":[{"count":0,"href":"https:\/\/hostnetart.com.br\/baixada\/wp-json\/wp\/v2\/posts\/9521\/revisions"}],"wp:featuredmedia":[{"embeddable":true,"href":"https:\/\/hostnetart.com.br\/baixada\/wp-json\/wp\/v2\/media\/9520"}],"wp:attachment":[{"href":"https:\/\/hostnetart.com.br\/baixada\/wp-json\/wp\/v2\/media?parent=9521"}],"wp:term":[{"taxonomy":"category","embeddable":true,"href":"https:\/\/hostnetart.com.br\/baixada\/wp-json\/wp\/v2\/categories?post=9521"},{"taxonomy":"post_tag","embeddable":true,"href":"https:\/\/hostnetart.com.br\/baixada\/wp-json\/wp\/v2\/tags?post=9521"}],"curies":[{"name":"wp","href":"https:\/\/api.w.org\/{rel}","templated":true}]}}