{"id":9519,"date":"2020-08-25T03:04:55","date_gmt":"2020-08-25T06:04:55","guid":{"rendered":"https:\/\/hostnetart.com.br\/baixada\/bndes-marca-negociacao-para-terca-feira-25\/"},"modified":"2020-08-25T03:04:55","modified_gmt":"2020-08-25T06:04:55","slug":"bndes-marca-negociacao-para-terca-feira-25","status":"publish","type":"post","link":"https:\/\/hostnetart.com.br\/baixada\/bndes-marca-negociacao-para-terca-feira-25\/","title":{"rendered":"BNDES marca negocia\u00e7\u00e3o para ter\u00e7a-feira (25)"},"content":{"rendered":"<p>A primeira reuni\u00e3o de negocia\u00e7\u00e3o entre as comiss\u00f5es de negocia\u00e7\u00e3o dos funcion\u00e1rios e do Banco Nacional de Desenvolvimento Econ\u00f4mico e Social (BNDES) ser\u00e1 realizada nesta ter\u00e7a-feira (25), a partir das 14h30.<\/p>\n<p>\u201cEsperamos que seja uma negocia\u00e7\u00e3o objetiva, com propostas concretas que atendam as reivindica\u00e7\u00f5es dos funcion\u00e1rios de forma global, pois o prazo para o acordo termina no in\u00edcio da semana que vem\u201d, disse o vice-presidente da Confedera\u00e7\u00e3o Nacional dos Trabalhadores do Ramo Financeiro (Contraf-CUT), Vin\u00edcius de Assump\u00e7\u00e3o.<\/p>\n<p>Caso o banco n\u00e3o apresente uma proposta global de acordo que atenda as reivindica\u00e7\u00f5es dos funcion\u00e1rios, o vice-presidente da Contraf-CUT disse que a comiss\u00e3o dos funcion\u00e1rios vai reivindicar que seja firmado um pr\u00e9-acordo que garanta os direitos estabelecidos no acordo em vig\u00eancia.<\/p>\n<p>\u201cA reforma trabalhista acabou com a ultratividade dos acordos e conven\u00e7\u00f5es coletivas. Por isso, defendemos o pr\u00e9-acordo para que os trabalhadores n\u00e3o fiquem desprotegidos, sem seus direitos. At\u00e9 porque este impasse foi criado pelo BNDES\u201d, explicou Vin\u00edcius ao lembrar que a data-base da categoria \u00e9 1\u00ba de setembro (pr\u00f3xima ter\u00e7a-feira).<\/p>\n<h3><strong>Assembleia hist\u00f3rica<\/strong><\/h3>\n<p>Vin\u00edcius lembra que a bancada dos representantes do funcionalismo foi reafirmada na assembleia do dia 3 de agosto e a pauta de reivindica\u00e7\u00f5es entregue \u00e0 dire\u00e7\u00e3o do banco no dia 5 de agosto.<\/p>\n<p>\u201cEste recuo do BNDES \u00e9 fruto da \u00faltima assembleia, que foi um momento hist\u00f3rico, com quase dois mil participantes, mostrando a disposi\u00e7\u00e3o dos funcion\u00e1rios em participar da campanha salarial. Na ocasi\u00e3o 97% aprovaram esta bancada de representantes dos trabalhadores. Foi uma resposta contundente dos banc\u00e1rios diante do impasse gerado pelo banco\u201d, concluiu Vin\u00edcius.<\/p>\n<p><strong>Fonte: Contraf-CUT<\/strong><\/p>\n","protected":false},"excerpt":{"rendered":"<p>A primeira reuni\u00e3o de negocia\u00e7\u00e3o entre as comiss\u00f5es de negocia\u00e7\u00e3o dos funcion\u00e1rios e do Banco Nacional de Desenvolvimento Econ\u00f4mico e Social (BNDES) ser\u00e1 realizada nesta ter\u00e7a-feira (25), a partir das 14h30. \u201cEsperamos que seja uma negocia\u00e7\u00e3o objetiva, com propostas concretas que atendam as reivindica\u00e7\u00f5es dos funcion\u00e1rios de forma global, pois o prazo para o acordo [&hellip;]<\/p>\n","protected":false},"author":2,"featured_media":9518,"comment_status":"","ping_status":"","sticky":false,"template":"","format":"standard","meta":{"footnotes":""},"categories":[3],"tags":[],"class_list":["post-9519","post","type-post","status-publish","format-standard","has-post-thumbnail","hentry","category-noticias"],"_links":{"self":[{"href":"https:\/\/hostnetart.com.br\/baixada\/wp-json\/wp\/v2\/posts\/9519","targetHints":{"allow":["GET"]}}],"collection":[{"href":"https:\/\/hostnetart.com.br\/baixada\/wp-json\/wp\/v2\/posts"}],"about":[{"href":"https:\/\/hostnetart.com.br\/baixada\/wp-json\/wp\/v2\/types\/post"}],"author":[{"embeddable":true,"href":"https:\/\/hostnetart.com.br\/baixada\/wp-json\/wp\/v2\/users\/2"}],"replies":[{"embeddable":true,"href":"https:\/\/hostnetart.com.br\/baixada\/wp-json\/wp\/v2\/comments?post=9519"}],"version-history":[{"count":0,"href":"https:\/\/hostnetart.com.br\/baixada\/wp-json\/wp\/v2\/posts\/9519\/revisions"}],"wp:featuredmedia":[{"embeddable":true,"href":"https:\/\/hostnetart.com.br\/baixada\/wp-json\/wp\/v2\/media\/9518"}],"wp:attachment":[{"href":"https:\/\/hostnetart.com.br\/baixada\/wp-json\/wp\/v2\/media?parent=9519"}],"wp:term":[{"taxonomy":"category","embeddable":true,"href":"https:\/\/hostnetart.com.br\/baixada\/wp-json\/wp\/v2\/categories?post=9519"},{"taxonomy":"post_tag","embeddable":true,"href":"https:\/\/hostnetart.com.br\/baixada\/wp-json\/wp\/v2\/tags?post=9519"}],"curies":[{"name":"wp","href":"https:\/\/api.w.org\/{rel}","templated":true}]}}