{"id":9517,"date":"2020-08-25T03:03:53","date_gmt":"2020-08-25T06:03:53","guid":{"rendered":"https:\/\/hostnetart.com.br\/baixada\/caixa-nao-apresenta-proposta-de-plr\/"},"modified":"2020-08-25T03:03:53","modified_gmt":"2020-08-25T06:03:53","slug":"caixa-nao-apresenta-proposta-de-plr","status":"publish","type":"post","link":"https:\/\/hostnetart.com.br\/baixada\/caixa-nao-apresenta-proposta-de-plr\/","title":{"rendered":"Caixa n\u00e3o apresenta proposta de PLR"},"content":{"rendered":"<p>A CEE\/Caixa iniciou a sexta reuni\u00e3o de negocia\u00e7\u00e3o do Acordo Coletivo de Trabalho (ACT), realizada na tarde desta segunda-feira (24), refor\u00e7ado a demanda de que as ag\u00eancias n\u00e3o abram mais aos s\u00e1bados, j\u00e1 que n\u00e3o h\u00e1 mais qualquer justificativa. Reiterou tamb\u00e9m a cobran\u00e7a para que haja o pagamento de remunera\u00e7\u00e3o ou compensa\u00e7\u00e3o aos empregados que trabalham aos s\u00e1bados e n\u00e3o marcam ponto. Cobrou ainda a apresenta\u00e7\u00e3o de uma proposta global, para ser apreciada nas assembleias.<\/p>\n<p>A Caixa respondeu que aguarda defini\u00e7\u00f5es da Federa\u00e7\u00e3o Nacional dos Bancos (Fenaban) para apresenta\u00e7\u00e3o de proposta de PLR. O banco informou que a alta dire\u00e7\u00e3o da empresa valoriza o esfor\u00e7o dos empregados, mas que existe um limite para o pagamento da PLR na resolu\u00e7\u00e3o 09 da Secretaria de Coordena\u00e7\u00e3o e Governan\u00e7a das Empresas Estatais (Sest) de pagar no m\u00e1ximo 25% do que a empresa paga de dividendos para o controlador, o que limitaria a distribui\u00e7\u00e3o para 6,25% do LL (LL que deve ser substancialmente menor que o de 2019). Portanto, n\u00e3o teria condi\u00e7\u00f5es de formular a proposta neste momento. A Caixa tamb\u00e9m disse que far\u00e1 esfor\u00e7os para cumprir o que for definido na mesa unificada.<\/p>\n<p>A PLR dever\u00e1 voltar para a mesa de negocia\u00e7\u00e3o na pr\u00f3xima quarta-feira (26). \u201cEntendemos as dificuldades, mas refor\u00e7amos que a Caixa mantenha a PLR e a PLR Social, ainda mais considerando todo o trabalho realizado pelos colegas para atender o aux\u00edlio emergencial. Os empregados aguardam esse reconhecimento da empresa. Considerando a reuni\u00e3o da Fenaban amanh\u00e3, a Comiss\u00e3o optou tamb\u00e9m por aguardar\u201d, afirmou a coordenadora da CEE\/Caixa e secret\u00e1ria da Cultura da Confedera\u00e7\u00e3o Nacional dos Trabalhadores do Ramo Financeiro (Contraf-CUT), Fabiana Uehara Proscholdt.<\/p>\n<h3>Abertura aos s\u00e1bados<\/h3>\n<p>A CEE cobrou da Caixa o fim da abertura das ag\u00eancias aos s\u00e1bados e que haja o pagamento de remunera\u00e7\u00e3o ou compensa\u00e7\u00e3o aos empregados que n\u00e3o marcam ponto. Segundo a coordenadora da Comiss\u00e3o, a reivindica\u00e7\u00e3o para a suspens\u00e3o da abertura aos s\u00e1bados \u00e9 uma demanda urgente dos empregados. \u201cTemos diversas reclama\u00e7\u00f5es. Os trabalhadores est\u00e3o cansados e estafados. Na nossa avalia\u00e7\u00e3o, n\u00e3o h\u00e1 necessidade desse expediente aos finais de semana\u201d, explicou.<\/p>\n<p>A Caixa se comprometeu a reavaliar a demanda da abertura aos s\u00e1bados bem como a demanda dos trabalhadores.<\/p>\n<h3>Sa\u00fade Caixa<\/h3>\n<p>Ainda sem defini\u00e7\u00e3o, a Caixa afirmou que est\u00e1 buscando alternativas para as propostas do Sa\u00fade Caixa. A demanda tamb\u00e9m envolve a Sest.<\/p>\n<p>Fonte: Contraf-CUT<\/p>\n","protected":false},"excerpt":{"rendered":"<p>A CEE\/Caixa iniciou a sexta reuni\u00e3o de negocia\u00e7\u00e3o do Acordo Coletivo de Trabalho (ACT), realizada na tarde desta segunda-feira (24), refor\u00e7ado a demanda de que as ag\u00eancias n\u00e3o abram mais aos s\u00e1bados, j\u00e1 que n\u00e3o h\u00e1 mais qualquer justificativa. Reiterou tamb\u00e9m a cobran\u00e7a para que haja o pagamento de remunera\u00e7\u00e3o ou compensa\u00e7\u00e3o aos empregados que [&hellip;]<\/p>\n","protected":false},"author":2,"featured_media":9516,"comment_status":"","ping_status":"","sticky":false,"template":"","format":"standard","meta":{"footnotes":""},"categories":[3],"tags":[],"class_list":["post-9517","post","type-post","status-publish","format-standard","has-post-thumbnail","hentry","category-noticias"],"_links":{"self":[{"href":"https:\/\/hostnetart.com.br\/baixada\/wp-json\/wp\/v2\/posts\/9517","targetHints":{"allow":["GET"]}}],"collection":[{"href":"https:\/\/hostnetart.com.br\/baixada\/wp-json\/wp\/v2\/posts"}],"about":[{"href":"https:\/\/hostnetart.com.br\/baixada\/wp-json\/wp\/v2\/types\/post"}],"author":[{"embeddable":true,"href":"https:\/\/hostnetart.com.br\/baixada\/wp-json\/wp\/v2\/users\/2"}],"replies":[{"embeddable":true,"href":"https:\/\/hostnetart.com.br\/baixada\/wp-json\/wp\/v2\/comments?post=9517"}],"version-history":[{"count":0,"href":"https:\/\/hostnetart.com.br\/baixada\/wp-json\/wp\/v2\/posts\/9517\/revisions"}],"wp:featuredmedia":[{"embeddable":true,"href":"https:\/\/hostnetart.com.br\/baixada\/wp-json\/wp\/v2\/media\/9516"}],"wp:attachment":[{"href":"https:\/\/hostnetart.com.br\/baixada\/wp-json\/wp\/v2\/media?parent=9517"}],"wp:term":[{"taxonomy":"category","embeddable":true,"href":"https:\/\/hostnetart.com.br\/baixada\/wp-json\/wp\/v2\/categories?post=9517"},{"taxonomy":"post_tag","embeddable":true,"href":"https:\/\/hostnetart.com.br\/baixada\/wp-json\/wp\/v2\/tags?post=9517"}],"curies":[{"name":"wp","href":"https:\/\/api.w.org\/{rel}","templated":true}]}}