{"id":9515,"date":"2020-08-25T03:02:32","date_gmt":"2020-08-25T06:02:32","guid":{"rendered":"https:\/\/hostnetart.com.br\/baixada\/bancari-s-se-mobilizam-nesta-terca-feira-25-de-negociacoes\/"},"modified":"2020-08-25T03:02:32","modified_gmt":"2020-08-25T06:02:32","slug":"bancari-s-se-mobilizam-nesta-terca-feira-25-de-negociacoes","status":"publish","type":"post","link":"https:\/\/hostnetart.com.br\/baixada\/bancari-s-se-mobilizam-nesta-terca-feira-25-de-negociacoes\/","title":{"rendered":"Banc\u00e1ri@s se mobilizam nesta ter\u00e7a-feira (25) de negocia\u00e7\u00f5es"},"content":{"rendered":"<p>Esta ter\u00e7a-feira (25) \u00e9 decisiva para a categoria banc\u00e1ria. O Comando Nacional\u00a0d@s\u00a0Banc\u00e1ri@s\u00a0recebe dos representantes da Federa\u00e7\u00e3o Nacional dos Bancos (Fenaban) nova proposta de negocia\u00e7\u00e3o. Tamb\u00e9m est\u00e3o marcadas assembleias e plen\u00e1rias organizativas para avaliar o andamento das negocia\u00e7\u00f5es. Um tuita\u00e7o est\u00e1 programado para uma hora na negocia\u00e7\u00e3o.<\/p>\n<p>A categoria reivindica aumento real de sal\u00e1rio, da Participa\u00e7\u00e3o nos Lucros e Resultados (PLR), al\u00e9m de quest\u00f5es importantes como a regulamenta\u00e7\u00e3o do teletrabalho. Os bancos, no entanto, at\u00e9 agora acenaram com reajuste salarial zero, redu\u00e7\u00e3o de at\u00e9 48% na PLR e outros retrocessos em direitos j\u00e1 conquistados.<\/p>\n<p>No s\u00e1bado (22), o Comando Nacional se reuniu para negociar novamente com a Fenaban. Nenhuma proposta nova sobre reajuste salarial foi apresentada pelos bancos. Os representantes dos bancos fizeram nova proposta de PLR, mas ainda rebaixada. Concordaram em negociar novas propostas para o teletrabalho e voltaram atr\u00e1s na proposta de cancelar a 13\u00aa cesta de alimenta\u00e7\u00e3o.<\/p>\n<p><strong>Mobiliza\u00e7\u00e3o<\/strong><\/p>\n<p>O Comando Nacional\u00a0d@s\u00a0Banc\u00e1ri@s\u00a0considerou que as propostas dos representantes dos bancos ainda est\u00e3o distantes das reivindica\u00e7\u00f5es da categoria. Ap\u00f3s a reuni\u00e3o de s\u00e1bado, o Comando decidiu orientar os sindicatos de todo ao pa\u00eds a realizarem assembleias e plen\u00e1rias organizativas para preparar a categoria para a semana decisiva da Campanha Nacional.<\/p>\n<p>Mas a mobiliza\u00e7\u00e3o j\u00e1 come\u00e7ou no pr\u00f3prio s\u00e1bado, com carreatas e atos feitos\u00a0pel@s\u00a0banc\u00e1ri@as\u00a0em v\u00e1rias cidades do pa\u00eds. Tamb\u00e9m prossegue o agito nas redes sociais. A negocia\u00e7\u00e3o desta ter\u00e7a-feira (25) est\u00e1 marcada para as 14h. Uma hora antes, \u00e0s 13h, a categoria vai fazer um tuita\u00e7o para pressionar a Fenaban. Vamos participar! A hashtag \u00e9 #QueroPropostaDecente.<\/p>\n<p>Acompanhe as negocia\u00e7\u00f5es pelas nossas redes sociais.<\/p>\n<p>\u00a0<\/p>\n<p><strong>Pr\u00f3ximas rodadas de negocia\u00e7\u00e3o:<\/strong><\/p>\n<p>\u2022 Dia 25\/08 \u2013 14h<\/p>\n<p>\u2022 Dia 26\/08 \u2013 14h<\/p>\n<p>\u2022 Dia 27\/08 \u2013 14h<\/p>\n<p>\u2022 Dia 28\/08 \u2013 11h<\/p>\n<p>\u00a0<\/p>\n<p><span style=\"text-decoration: underline;\"><strong>Fonte: Contraf-CUT<\/strong><\/span><\/p>\n","protected":false},"excerpt":{"rendered":"<p>Esta ter\u00e7a-feira (25) \u00e9 decisiva para a categoria banc\u00e1ria. O Comando Nacional\u00a0d@s\u00a0Banc\u00e1ri@s\u00a0recebe dos representantes da Federa\u00e7\u00e3o Nacional dos Bancos (Fenaban) nova proposta de negocia\u00e7\u00e3o. Tamb\u00e9m est\u00e3o marcadas assembleias e plen\u00e1rias organizativas para avaliar o andamento das negocia\u00e7\u00f5es. Um tuita\u00e7o est\u00e1 programado para uma hora na negocia\u00e7\u00e3o. A categoria reivindica aumento real de sal\u00e1rio, da Participa\u00e7\u00e3o [&hellip;]<\/p>\n","protected":false},"author":2,"featured_media":9514,"comment_status":"","ping_status":"","sticky":false,"template":"","format":"standard","meta":{"footnotes":""},"categories":[3],"tags":[],"class_list":["post-9515","post","type-post","status-publish","format-standard","has-post-thumbnail","hentry","category-noticias"],"_links":{"self":[{"href":"https:\/\/hostnetart.com.br\/baixada\/wp-json\/wp\/v2\/posts\/9515","targetHints":{"allow":["GET"]}}],"collection":[{"href":"https:\/\/hostnetart.com.br\/baixada\/wp-json\/wp\/v2\/posts"}],"about":[{"href":"https:\/\/hostnetart.com.br\/baixada\/wp-json\/wp\/v2\/types\/post"}],"author":[{"embeddable":true,"href":"https:\/\/hostnetart.com.br\/baixada\/wp-json\/wp\/v2\/users\/2"}],"replies":[{"embeddable":true,"href":"https:\/\/hostnetart.com.br\/baixada\/wp-json\/wp\/v2\/comments?post=9515"}],"version-history":[{"count":0,"href":"https:\/\/hostnetart.com.br\/baixada\/wp-json\/wp\/v2\/posts\/9515\/revisions"}],"wp:featuredmedia":[{"embeddable":true,"href":"https:\/\/hostnetart.com.br\/baixada\/wp-json\/wp\/v2\/media\/9514"}],"wp:attachment":[{"href":"https:\/\/hostnetart.com.br\/baixada\/wp-json\/wp\/v2\/media?parent=9515"}],"wp:term":[{"taxonomy":"category","embeddable":true,"href":"https:\/\/hostnetart.com.br\/baixada\/wp-json\/wp\/v2\/categories?post=9515"},{"taxonomy":"post_tag","embeddable":true,"href":"https:\/\/hostnetart.com.br\/baixada\/wp-json\/wp\/v2\/tags?post=9515"}],"curies":[{"name":"wp","href":"https:\/\/api.w.org\/{rel}","templated":true}]}}