{"id":9511,"date":"2020-08-24T03:07:34","date_gmt":"2020-08-24T06:07:34","guid":{"rendered":"https:\/\/hostnetart.com.br\/baixada\/identificando-a-covid-19-estudos-listam-sintomas-mais-comuns\/"},"modified":"2020-08-24T03:07:34","modified_gmt":"2020-08-24T06:07:34","slug":"identificando-a-covid-19-estudos-listam-sintomas-mais-comuns","status":"publish","type":"post","link":"https:\/\/hostnetart.com.br\/baixada\/identificando-a-covid-19-estudos-listam-sintomas-mais-comuns\/","title":{"rendered":"Identificando a covid-19: estudos listam sintomas mais comuns"},"content":{"rendered":"<p>Um estudo realizado pela Universidade Federal de Pelotas identificou os 11\u00a0<strong>sintomas mais comuns da covid-19<\/strong>\u00a0entre os brasileiros. Em primeiro lugar, ficou a dor de cabe\u00e7a, seguida pela perda ou altera\u00e7\u00e3o do olfato e do paladar e da febre. A pesquisa entrevistou 31.869 pessoas em 133 cidades e conseguiu caracterizar o desenvolvimento da doen\u00e7a, o que pode auxiliar no diagn\u00f3stico e na busca por atendimento m\u00e9dico. Na sequ\u00eancia, os sintomas mais relatados foram tosse seca, dor no corpo, dor de garganta, diarreia, dificuldade para respirar, tremores, palpita\u00e7\u00e3o e v\u00f4mito.<\/p>\n<p>Outro estudo, realizado pela Universidade do Sul da Calif\u00f3rnia, buscou entender se existe uma sequ\u00eancia para os sintomas da covid-19 aparecerem. Os pesquisadores analisaram 55 mil casos de pacientes conformados e encontraram uma ordem aparentemente prevalente para o aparecimento dos sintomas. A febre apareceu em primeiro lugar, depois o mais comum foi a tosse seca, seguindo-se as dores musculares e n\u00e1usea ou v\u00f4mito.<\/p>\n<p>Em maio, um estudo com 2.013 pacientes de casos leves de covid-19 na Europa indicou que 87% deles tiveram perda de olfato e paladar. Em seguida, a dor de cabe\u00e7a foi relatada por 70% dos participantes da pesquisa. A perda ou altera\u00e7\u00e3o do olfato e do paladar tamb\u00e9m s\u00e3o comuns em outras doen\u00e7as respirat\u00f3rias, como gripe ou resfriado comum. No entanto esse sintoma \u00e9 mais predominante na covid-19 e\u00a0<a href=\"https:\/\/www.redebrasilatual.com.br\/saude-e-ciencia\/2020\/07\/sintomas-covid-19-corpo\/\" target=\"_blank\" rel=\"noopener noreferrer\">pode durar semanas<\/a>.<\/p>\n<p>Os pesquisadores dos estudos consideram que\u00a0<a href=\"https:\/\/www.paho.org\/pt\/covid19\" target=\"_blank\" rel=\"noopener noreferrer\">conhecer a ordem<\/a>\u00a0dos sintomas da covid-19 pode ajudar os pacientes a buscarem atendimento m\u00e9dico mais cedo ou se isolarem precocemente, evitando a contamina\u00e7\u00e3o de muitas pessoas. Al\u00e9m disso, essa informa\u00e7\u00e3o poderia ajudar os m\u00e9dicos a descartar outras doen\u00e7as com sintomas semelhantes.<\/p>\n<p><strong>Fonte: Rede Brasil Atual<\/strong><\/p>\n","protected":false},"excerpt":{"rendered":"<p>Um estudo realizado pela Universidade Federal de Pelotas identificou os 11\u00a0sintomas mais comuns da covid-19\u00a0entre os brasileiros. Em primeiro lugar, ficou a dor de cabe\u00e7a, seguida pela perda ou altera\u00e7\u00e3o do olfato e do paladar e da febre. A pesquisa entrevistou 31.869 pessoas em 133 cidades e conseguiu caracterizar o desenvolvimento da doen\u00e7a, o que [&hellip;]<\/p>\n","protected":false},"author":2,"featured_media":9510,"comment_status":"","ping_status":"","sticky":false,"template":"","format":"standard","meta":{"footnotes":""},"categories":[3],"tags":[],"class_list":["post-9511","post","type-post","status-publish","format-standard","has-post-thumbnail","hentry","category-noticias"],"_links":{"self":[{"href":"https:\/\/hostnetart.com.br\/baixada\/wp-json\/wp\/v2\/posts\/9511","targetHints":{"allow":["GET"]}}],"collection":[{"href":"https:\/\/hostnetart.com.br\/baixada\/wp-json\/wp\/v2\/posts"}],"about":[{"href":"https:\/\/hostnetart.com.br\/baixada\/wp-json\/wp\/v2\/types\/post"}],"author":[{"embeddable":true,"href":"https:\/\/hostnetart.com.br\/baixada\/wp-json\/wp\/v2\/users\/2"}],"replies":[{"embeddable":true,"href":"https:\/\/hostnetart.com.br\/baixada\/wp-json\/wp\/v2\/comments?post=9511"}],"version-history":[{"count":0,"href":"https:\/\/hostnetart.com.br\/baixada\/wp-json\/wp\/v2\/posts\/9511\/revisions"}],"wp:featuredmedia":[{"embeddable":true,"href":"https:\/\/hostnetart.com.br\/baixada\/wp-json\/wp\/v2\/media\/9510"}],"wp:attachment":[{"href":"https:\/\/hostnetart.com.br\/baixada\/wp-json\/wp\/v2\/media?parent=9511"}],"wp:term":[{"taxonomy":"category","embeddable":true,"href":"https:\/\/hostnetart.com.br\/baixada\/wp-json\/wp\/v2\/categories?post=9511"},{"taxonomy":"post_tag","embeddable":true,"href":"https:\/\/hostnetart.com.br\/baixada\/wp-json\/wp\/v2\/tags?post=9511"}],"curies":[{"name":"wp","href":"https:\/\/api.w.org\/{rel}","templated":true}]}}