{"id":9507,"date":"2020-08-24T03:05:43","date_gmt":"2020-08-24T06:05:43","guid":{"rendered":"https:\/\/hostnetart.com.br\/baixada\/bancarios-saem-em-carreatas-por-todo-o-pais\/"},"modified":"2020-08-24T03:05:43","modified_gmt":"2020-08-24T06:05:43","slug":"bancarios-saem-em-carreatas-por-todo-o-pais","status":"publish","type":"post","link":"https:\/\/hostnetart.com.br\/baixada\/bancarios-saem-em-carreatas-por-todo-o-pais\/","title":{"rendered":"Banc\u00e1rios saem em carreatas por todo o pa\u00eds"},"content":{"rendered":"<p>Banc\u00e1rios foram \u00e0s ruas em\u00a0<a href=\"https:\/\/www.oliberal.com\/economia\/carreata-percorre-ruas-de-belem-contra-propostas-apresentadas-durante-negociacao-salarial-1.298696\" target=\"_blank\" rel=\"noopener noreferrer\">diversas cidades do pa\u00eds<\/a>\u00a0neste s\u00e1bado (22) em\u00a0<a href=\"https:\/\/www.facebook.com\/pg\/contrafcut\/photos\/?tab=album&amp;album_id=3787505837929090\" target=\"_blank\" rel=\"noopener noreferrer\">carreatas para protestar contra as propostas<\/a>\u00a0apresentadas pela Federa\u00e7\u00e3o Nacional dos Bancos (Fenaban) em mesa de negocia\u00e7\u00f5es com o Comando Nacional da categoria.<\/p>\n<p>A categoria reivindica aumento real de sal\u00e1rio, da Participa\u00e7\u00e3o nos Lucros e\/ou Resultados (PLR) e demais direitos econ\u00f4micos, como o vale-alimenta\u00e7\u00e3o. Tamb\u00e9m pede condi\u00e7\u00f5es dignas de trabalho, tanto nas ag\u00eancias e departamentos, quanto para o home office (teletrabalho), al\u00e9m da manuten\u00e7\u00e3o dos diretos j\u00e1 definidos na Conven\u00e7\u00e3o Coletiva de Trabalho (CCT) e nos Acordos Coletivos de Trabalho (ACTs).<\/p>\n<p>Mesmo com hist\u00f3ricos lucros bilion\u00e1rios, os bancos n\u00e3o querem reajustar os sal\u00e1rios e nenhuma das cl\u00e1usulas econ\u00f4micas da CCT e dos ACTs. Somente com o n\u00e3o reajuste dos sal\u00e1rios, os banc\u00e1rios perdem 2,65% do poder aquisitivo, devido \u00e0 infla\u00e7\u00e3o. Pior do que isso, querem reduzir o percentual pago a t\u00edtulo de PLR, e a gratifica\u00e7\u00e3o de fun\u00e7\u00e3o.<\/p>\n<p>A categoria promete lutar pelos direitos conquistados e por suas reivindica\u00e7\u00f5es. Na ter\u00e7a-feira (25), ser\u00e3o realizadas plen\u00e1rias em todo o pa\u00eds para apresenta\u00e7\u00e3o das propostas e organizar a mobiliza\u00e7\u00e3o dos trabalhadores.<\/p>\n<p><strong>Pr\u00f3ximas rodadas de negocia\u00e7\u00e3o:<\/strong><\/p>\n<p>\u2022 Dia 25\/08 \u2013 14h<br \/>\u2022 Dia 26\/08 \u2013 14h<br \/>\u2022 Dia 27\/08 \u2013 14h<br \/>\u2022 Dia 28\/08 \u2013 11h<\/p>\n<p><strong>Fonte: Contraf-CUT<\/strong><\/p>\n","protected":false},"excerpt":{"rendered":"<p>Banc\u00e1rios foram \u00e0s ruas em\u00a0diversas cidades do pa\u00eds\u00a0neste s\u00e1bado (22) em\u00a0carreatas para protestar contra as propostas\u00a0apresentadas pela Federa\u00e7\u00e3o Nacional dos Bancos (Fenaban) em mesa de negocia\u00e7\u00f5es com o Comando Nacional da categoria. A categoria reivindica aumento real de sal\u00e1rio, da Participa\u00e7\u00e3o nos Lucros e\/ou Resultados (PLR) e demais direitos econ\u00f4micos, como o vale-alimenta\u00e7\u00e3o. Tamb\u00e9m pede [&hellip;]<\/p>\n","protected":false},"author":2,"featured_media":9506,"comment_status":"","ping_status":"","sticky":false,"template":"","format":"standard","meta":{"footnotes":""},"categories":[3],"tags":[],"class_list":["post-9507","post","type-post","status-publish","format-standard","has-post-thumbnail","hentry","category-noticias"],"_links":{"self":[{"href":"https:\/\/hostnetart.com.br\/baixada\/wp-json\/wp\/v2\/posts\/9507","targetHints":{"allow":["GET"]}}],"collection":[{"href":"https:\/\/hostnetart.com.br\/baixada\/wp-json\/wp\/v2\/posts"}],"about":[{"href":"https:\/\/hostnetart.com.br\/baixada\/wp-json\/wp\/v2\/types\/post"}],"author":[{"embeddable":true,"href":"https:\/\/hostnetart.com.br\/baixada\/wp-json\/wp\/v2\/users\/2"}],"replies":[{"embeddable":true,"href":"https:\/\/hostnetart.com.br\/baixada\/wp-json\/wp\/v2\/comments?post=9507"}],"version-history":[{"count":0,"href":"https:\/\/hostnetart.com.br\/baixada\/wp-json\/wp\/v2\/posts\/9507\/revisions"}],"wp:featuredmedia":[{"embeddable":true,"href":"https:\/\/hostnetart.com.br\/baixada\/wp-json\/wp\/v2\/media\/9506"}],"wp:attachment":[{"href":"https:\/\/hostnetart.com.br\/baixada\/wp-json\/wp\/v2\/media?parent=9507"}],"wp:term":[{"taxonomy":"category","embeddable":true,"href":"https:\/\/hostnetart.com.br\/baixada\/wp-json\/wp\/v2\/categories?post=9507"},{"taxonomy":"post_tag","embeddable":true,"href":"https:\/\/hostnetart.com.br\/baixada\/wp-json\/wp\/v2\/tags?post=9507"}],"curies":[{"name":"wp","href":"https:\/\/api.w.org\/{rel}","templated":true}]}}