{"id":9492,"date":"2020-08-21T15:42:33","date_gmt":"2020-08-21T18:42:33","guid":{"rendered":"https:\/\/hostnetart.com.br\/baixada\/saude-caixa-volta-a-ser-tema-de-negociacao-do-act-da-caixa\/"},"modified":"2020-08-21T15:42:33","modified_gmt":"2020-08-21T18:42:33","slug":"saude-caixa-volta-a-ser-tema-de-negociacao-do-act-da-caixa","status":"publish","type":"post","link":"https:\/\/hostnetart.com.br\/baixada\/saude-caixa-volta-a-ser-tema-de-negociacao-do-act-da-caixa\/","title":{"rendered":"Sa\u00fade Caixa volta a ser tema de negocia\u00e7\u00e3o do ACT da Caixa"},"content":{"rendered":"<p>O Sa\u00fade Caixa volta a ser pauta da negocia\u00e7\u00e3o do Acordo Coletivo de Trabalho (ACT) da Caixa, que ser\u00e1 realizada nesta sexta-feira (21), \u00e0s 15h, por videoconfer\u00eancia. Esta ser\u00e1 a quinta reuni\u00e3o.<\/p>\n<p> <a href=\"https:\/\/contrafcut.com.br\/noticias\/caixa-apresenta-proposta-de-alteracao-no-modelo-de-custeio-do-saude-caixa\/\" target=\"_blank\" rel=\"noopener noreferrer\">Na quarta-feira (19), a Caixa apresentou proposta de altera\u00e7\u00e3o no modelo de custeio do Sa\u00fade Caixa, com a individualiza\u00e7\u00e3o da cobran\u00e7a do plano, o que encarece o custo para todos os usu\u00e1rios<\/a>.<\/p>\n<p> \u201cEsperamos que o banco melhore, em muito, esta proposta, para podermos, efetivamente, caminhar para o final das negocia\u00e7\u00f5es\u201d, declarou Fabiana Uehara Proscholdt, coordenadora da CEE\/Caixa e secret\u00e1ria da Cultura da Confedera\u00e7\u00e3o Nacional dos Trabalhadores do Ramo Financeiro (Contraf-CUT). \u201cN\u00f3s tamb\u00e9m aguardamos o retorno sobre as reivindica\u00e7\u00f5es feitas nas primeiras reuni\u00f5es. Todos os pontos da pauta, que foi definida no 36\u00ba Conecef, s\u00e3o muito importantes para n\u00f3s\u201d, completou.<\/p>\n<p><strong>Fonte: Contraf-CUT<\/strong><\/p>\n","protected":false},"excerpt":{"rendered":"<p>O Sa\u00fade Caixa volta a ser pauta da negocia\u00e7\u00e3o do Acordo Coletivo de Trabalho (ACT) da Caixa, que ser\u00e1 realizada nesta sexta-feira (21), \u00e0s 15h, por videoconfer\u00eancia. Esta ser\u00e1 a quinta reuni\u00e3o. Na quarta-feira (19), a Caixa apresentou proposta de altera\u00e7\u00e3o no modelo de custeio do Sa\u00fade Caixa, com a individualiza\u00e7\u00e3o da cobran\u00e7a do plano, [&hellip;]<\/p>\n","protected":false},"author":2,"featured_media":9491,"comment_status":"","ping_status":"","sticky":false,"template":"","format":"standard","meta":{"footnotes":""},"categories":[3],"tags":[],"class_list":["post-9492","post","type-post","status-publish","format-standard","has-post-thumbnail","hentry","category-noticias"],"_links":{"self":[{"href":"https:\/\/hostnetart.com.br\/baixada\/wp-json\/wp\/v2\/posts\/9492","targetHints":{"allow":["GET"]}}],"collection":[{"href":"https:\/\/hostnetart.com.br\/baixada\/wp-json\/wp\/v2\/posts"}],"about":[{"href":"https:\/\/hostnetart.com.br\/baixada\/wp-json\/wp\/v2\/types\/post"}],"author":[{"embeddable":true,"href":"https:\/\/hostnetart.com.br\/baixada\/wp-json\/wp\/v2\/users\/2"}],"replies":[{"embeddable":true,"href":"https:\/\/hostnetart.com.br\/baixada\/wp-json\/wp\/v2\/comments?post=9492"}],"version-history":[{"count":0,"href":"https:\/\/hostnetart.com.br\/baixada\/wp-json\/wp\/v2\/posts\/9492\/revisions"}],"wp:featuredmedia":[{"embeddable":true,"href":"https:\/\/hostnetart.com.br\/baixada\/wp-json\/wp\/v2\/media\/9491"}],"wp:attachment":[{"href":"https:\/\/hostnetart.com.br\/baixada\/wp-json\/wp\/v2\/media?parent=9492"}],"wp:term":[{"taxonomy":"category","embeddable":true,"href":"https:\/\/hostnetart.com.br\/baixada\/wp-json\/wp\/v2\/categories?post=9492"},{"taxonomy":"post_tag","embeddable":true,"href":"https:\/\/hostnetart.com.br\/baixada\/wp-json\/wp\/v2\/tags?post=9492"}],"curies":[{"name":"wp","href":"https:\/\/api.w.org\/{rel}","templated":true}]}}