{"id":9488,"date":"2020-08-21T03:10:17","date_gmt":"2020-08-21T06:10:17","guid":{"rendered":"https:\/\/hostnetart.com.br\/baixada\/ha-11-semanas-no-epicentro-mundial-da-pandemia-brasil-tem-mais-1-204-mortos-pela-covid-19\/"},"modified":"2020-08-21T03:10:17","modified_gmt":"2020-08-21T06:10:17","slug":"ha-11-semanas-no-epicentro-mundial-da-pandemia-brasil-tem-mais-1-204-mortos-pela-covid-19","status":"publish","type":"post","link":"https:\/\/hostnetart.com.br\/baixada\/ha-11-semanas-no-epicentro-mundial-da-pandemia-brasil-tem-mais-1-204-mortos-pela-covid-19\/","title":{"rendered":"H\u00e1 11 semanas no epicentro mundial da pandemia, Brasil tem mais 1.204 mortos pela covid-19"},"content":{"rendered":"<p>O Brasil volta a registrar mais de mil mortes em um dia tendo a\u00a0<a href=\"https:\/\/www.redebrasilatual.com.br\/tag\/coronavirus\/\" target=\"_blank\" rel=\"noopener noreferrer\">covid-19<\/a>\u00a0como causa. Nas \u00faltimas 24 horas foram mais 1.204 v\u00edtimas. Desde o in\u00edcio do surto, em mar\u00e7o, j\u00e1 s\u00e3o 112.304 mortos pela doen\u00e7a provocada pelo novo coronav\u00edrus, de acordo com o Conselho Nacional de Secret\u00e1rios de Sa\u00fade (<a href=\"https:\/\/www.conass.org.br\/painelconasscovid19\/\">Conass<\/a>). Os dados foram atualizados no in\u00edcio da noite desta quinta-feira (20). Com mais 45.323 casos, j\u00e1 s\u00e3o 3,5 milh\u00f5es de infectados pela doen\u00e7a (<em>confira no quadro abaixo<\/em>).<\/p>\n<p>Desde o in\u00edcio de junho o pa\u00eds registra m\u00e9dia di\u00e1ria de mortos acima de mil pessoas. Nas \u00faltimas 11 semanas, o Brasil se mant\u00e9m como pa\u00eds com mais mortes pela covid-19. A Organiza\u00e7\u00e3o Mundial da Sa\u00fade (OMS) declara o pa\u00eds como epicentro da pandemia desde ent\u00e3o.<\/p>\n<p>Diferentemente de outros pa\u00edses que j\u00e1 passaram pelo momento de maior mortalidade pelo coronav\u00edrus, o auge da pandemia no Brasil insiste em permanecer. Em pa\u00edses fortemente atingidos, como Espanha, It\u00e1lia e Reino Unido, o pico de mortes foi seguido de r\u00e1pido decr\u00e9scimo na curva cont\u00e1gio em uma ou duas semanas ap\u00f3s o pico. No Brasil, j\u00e1 passa de dois meses.<\/p>\n<div id=\"redeb-1350876515\" class=\"redeb-content-placement-after-3rd-paragraph\">\u00a0<\/div>\n<div class=\"wp-block-image\">\n<figure class=\"aligncenter size-large\"><img decoding=\"async\" class=\"wp-image-438925\" src=\"https:\/\/www.redebrasilatual.com.br\/wp-content\/uploads\/2020\/08\/covid20.jpg\" sizes=\"(max-width: 538px) 100vw, 538px\" srcset=\"https:\/\/www.redebrasilatual.com.br\/wp-content\/uploads\/2020\/08\/covid20.jpg 538w, https:\/\/www.redebrasilatual.com.br\/wp-content\/uploads\/2020\/08\/covid20-360x157.jpg 360w\" alt=\"\" \/><figcaption>N\u00fameros da pandemia de covid-19 no Brasil, de acordo com o Conass<\/figcaption><\/figure>\n<\/div>\n<h2><span style=\"text-decoration: underline;\">Nos estados<\/span><\/h2>\n<p>Essa situa\u00e7\u00e3o encontra raz\u00f5es no descaso do poder p\u00fablico. Enquanto o governo federal n\u00e3o realizou a\u00e7\u00f5es de conten\u00e7\u00e3o e controle de cont\u00e1gio, pouco ou nada foi feito em rela\u00e7\u00e3o ao isolamento social.<\/p>\n<p>Mesmo os governadores que, no in\u00edcio do surto, fizeram discursos de enfrentamento aos desmandos de Jair Bolsonaro, acabaram cedendo \u00e0s press\u00f5es do governo federal e de setores empresariais. Ap\u00f3s medidas fracas de isolamento social, decretadas especialmente entre abril e junho, passaram a flexibilizar e at\u00e9 a levantar totalmente as medidas de seguran\u00e7a sanit\u00e1ria.<\/p>\n<p>S\u00e3o Paulo segue como o estado mais afetado pela covid-19. S\u00e3o 730.828 infectados e 27.905 mortos, seguido pelo Rio de Janeiro, com 205.916 casos e 15.074 mortos. Em seguida vem o Cear\u00e1, com 202.422 casos e 8. 245 mortos. A Bahia tem mais casos mesmo que o Rio de Janeiro, mas menos mortes. Parte disso se explica por ser um estado que testa mais do que a m\u00e9dia, assim como o Cear\u00e1. Na Bahia, s\u00e3o 228.596 casos e 4.685 mortos.<\/p>\n<div class=\"wp-block-image\">\n<figure class=\"aligncenter size-large\"><img decoding=\"async\" class=\"wp-image-438926\" src=\"https:\/\/www.redebrasilatual.com.br\/wp-content\/uploads\/2020\/08\/covid20-1.jpg\" sizes=\"(max-width: 426px) 100vw, 426px\" srcset=\"https:\/\/www.redebrasilatual.com.br\/wp-content\/uploads\/2020\/08\/covid20-1.jpg 426w, https:\/\/www.redebrasilatual.com.br\/wp-content\/uploads\/2020\/08\/covid20-1-346x360.jpg 346w\" alt=\"\" \/><\/figure>\n<figure class=\"aligncenter size-large\"><\/figure>\n<p><strong>Fonte: Rede Brasil Atual<\/strong><\/p>\n<\/div>\n","protected":false},"excerpt":{"rendered":"<p>O Brasil volta a registrar mais de mil mortes em um dia tendo a\u00a0covid-19\u00a0como causa. Nas \u00faltimas 24 horas foram mais 1.204 v\u00edtimas. Desde o in\u00edcio do surto, em mar\u00e7o, j\u00e1 s\u00e3o 112.304 mortos pela doen\u00e7a provocada pelo novo coronav\u00edrus, de acordo com o Conselho Nacional de Secret\u00e1rios de Sa\u00fade (Conass). Os dados foram atualizados [&hellip;]<\/p>\n","protected":false},"author":2,"featured_media":9487,"comment_status":"","ping_status":"","sticky":false,"template":"","format":"standard","meta":{"footnotes":""},"categories":[3],"tags":[],"class_list":["post-9488","post","type-post","status-publish","format-standard","has-post-thumbnail","hentry","category-noticias"],"_links":{"self":[{"href":"https:\/\/hostnetart.com.br\/baixada\/wp-json\/wp\/v2\/posts\/9488","targetHints":{"allow":["GET"]}}],"collection":[{"href":"https:\/\/hostnetart.com.br\/baixada\/wp-json\/wp\/v2\/posts"}],"about":[{"href":"https:\/\/hostnetart.com.br\/baixada\/wp-json\/wp\/v2\/types\/post"}],"author":[{"embeddable":true,"href":"https:\/\/hostnetart.com.br\/baixada\/wp-json\/wp\/v2\/users\/2"}],"replies":[{"embeddable":true,"href":"https:\/\/hostnetart.com.br\/baixada\/wp-json\/wp\/v2\/comments?post=9488"}],"version-history":[{"count":0,"href":"https:\/\/hostnetart.com.br\/baixada\/wp-json\/wp\/v2\/posts\/9488\/revisions"}],"wp:featuredmedia":[{"embeddable":true,"href":"https:\/\/hostnetart.com.br\/baixada\/wp-json\/wp\/v2\/media\/9487"}],"wp:attachment":[{"href":"https:\/\/hostnetart.com.br\/baixada\/wp-json\/wp\/v2\/media?parent=9488"}],"wp:term":[{"taxonomy":"category","embeddable":true,"href":"https:\/\/hostnetart.com.br\/baixada\/wp-json\/wp\/v2\/categories?post=9488"},{"taxonomy":"post_tag","embeddable":true,"href":"https:\/\/hostnetart.com.br\/baixada\/wp-json\/wp\/v2\/tags?post=9488"}],"curies":[{"name":"wp","href":"https:\/\/api.w.org\/{rel}","templated":true}]}}