{"id":9486,"date":"2020-08-21T03:09:26","date_gmt":"2020-08-21T06:09:26","guid":{"rendered":"https:\/\/hostnetart.com.br\/baixada\/bancarios-do-bndes-cobram-respeito-aos-seus-representantes-nas-negociacoes-da-campanha-nacional-2020\/"},"modified":"2020-08-21T03:09:26","modified_gmt":"2020-08-21T06:09:26","slug":"bancarios-do-bndes-cobram-respeito-aos-seus-representantes-nas-negociacoes-da-campanha-nacional-2020","status":"publish","type":"post","link":"https:\/\/hostnetart.com.br\/baixada\/bancarios-do-bndes-cobram-respeito-aos-seus-representantes-nas-negociacoes-da-campanha-nacional-2020\/","title":{"rendered":"Banc\u00e1rios do BNDES cobram respeito aos seus representantes nas negocia\u00e7\u00f5es da Campanha Nacional 2020"},"content":{"rendered":"<p>A Confedera\u00e7\u00e3o Nacional dos Trabalhadores do Ramo Financeiro (Contraf-CUT) enviou uma\u00a0<a href=\"https:\/\/contrafcut.com.br\/wp-content\/uploads\/2020\/08\/carta-aberta-a-direcao-do-bndes.pdf?x27450\" target=\"_blank\" rel=\"noopener noreferrer\">carta \u00e0 dire\u00e7\u00e3o do Banco Nacional de Desenvolvimento Econ\u00f4mico e Social (BNDES)<\/a>\u00a0para pedir respeito ao processo negocial da Campanha Nacional 2020.<\/p>\n<p>O texto lembra que, em tr\u00eas de agosto, os trabalhadores aprovaram a minuta de reivindica\u00e7\u00f5es e elegeram os representantes dos funcion\u00e1rios para a mesa de negocia\u00e7\u00f5es, numa demonstra\u00e7\u00e3o de valoriza\u00e7\u00e3o do processo negocial com o BNDES. Entretanto, at\u00e9 agora nenhuma negocia\u00e7\u00e3o foi marcada.<\/p>\n<p>\u201cAs entidades representativas dos trabalhadores urgem \u00e0 Administra\u00e7\u00e3o do BNDES que aceite na \u00edntegra a composi\u00e7\u00e3o da mesa de negocia\u00e7\u00e3o definida pelas entidades sindicais, que contam com a participa\u00e7\u00e3o de empregados do BNDES legitimamente eleitos pelo corpo funcional na \u00faltima assembleia do dia 3 de agosto, para que possamos iniciar o processo de negocia\u00e7\u00e3o do Acordo Coletivo Trabalho dos Funcion\u00e1rios do BNDES \u2013 ACT\/BNDES\u201d, diz um trecho da carta.<\/p>\n<p>O vice-presidente da Contraf-CUT, Vin\u00edcius de Assump\u00e7\u00e3o, afirmou que os trabalhadores esperam respeito m\u00fatuo defendidos pelas partes diversas vezes neste processo. \u201cReconhecemos que esses valores s\u00e3o essenciais para o bom di\u00e1logo \u00e0 mesa, fundamentais para a busca de uma solu\u00e7\u00e3o negocial\u201d, disse.<\/p>\n<p>Os trabalhadores aguardam o retorno do banco para a marca\u00e7\u00e3o da primeira reuni\u00e3o.<\/p>\n<p><strong>Fonte: Contraf-CUT<\/strong><\/p>\n","protected":false},"excerpt":{"rendered":"<p>A Confedera\u00e7\u00e3o Nacional dos Trabalhadores do Ramo Financeiro (Contraf-CUT) enviou uma\u00a0carta \u00e0 dire\u00e7\u00e3o do Banco Nacional de Desenvolvimento Econ\u00f4mico e Social (BNDES)\u00a0para pedir respeito ao processo negocial da Campanha Nacional 2020. O texto lembra que, em tr\u00eas de agosto, os trabalhadores aprovaram a minuta de reivindica\u00e7\u00f5es e elegeram os representantes dos funcion\u00e1rios para a mesa [&hellip;]<\/p>\n","protected":false},"author":2,"featured_media":9485,"comment_status":"","ping_status":"","sticky":false,"template":"","format":"standard","meta":{"footnotes":""},"categories":[3],"tags":[],"class_list":["post-9486","post","type-post","status-publish","format-standard","has-post-thumbnail","hentry","category-noticias"],"_links":{"self":[{"href":"https:\/\/hostnetart.com.br\/baixada\/wp-json\/wp\/v2\/posts\/9486","targetHints":{"allow":["GET"]}}],"collection":[{"href":"https:\/\/hostnetart.com.br\/baixada\/wp-json\/wp\/v2\/posts"}],"about":[{"href":"https:\/\/hostnetart.com.br\/baixada\/wp-json\/wp\/v2\/types\/post"}],"author":[{"embeddable":true,"href":"https:\/\/hostnetart.com.br\/baixada\/wp-json\/wp\/v2\/users\/2"}],"replies":[{"embeddable":true,"href":"https:\/\/hostnetart.com.br\/baixada\/wp-json\/wp\/v2\/comments?post=9486"}],"version-history":[{"count":0,"href":"https:\/\/hostnetart.com.br\/baixada\/wp-json\/wp\/v2\/posts\/9486\/revisions"}],"wp:featuredmedia":[{"embeddable":true,"href":"https:\/\/hostnetart.com.br\/baixada\/wp-json\/wp\/v2\/media\/9485"}],"wp:attachment":[{"href":"https:\/\/hostnetart.com.br\/baixada\/wp-json\/wp\/v2\/media?parent=9486"}],"wp:term":[{"taxonomy":"category","embeddable":true,"href":"https:\/\/hostnetart.com.br\/baixada\/wp-json\/wp\/v2\/categories?post=9486"},{"taxonomy":"post_tag","embeddable":true,"href":"https:\/\/hostnetart.com.br\/baixada\/wp-json\/wp\/v2\/tags?post=9486"}],"curies":[{"name":"wp","href":"https:\/\/api.w.org\/{rel}","templated":true}]}}