{"id":9484,"date":"2020-08-21T00:29:11","date_gmt":"2020-08-21T03:29:11","guid":{"rendered":"https:\/\/hostnetart.com.br\/baixada\/bancari-s-rejeitam-nova-retirada-de-direitos-apresentada-pela-fenaban\/"},"modified":"2020-08-21T00:29:11","modified_gmt":"2020-08-21T03:29:11","slug":"bancari-s-rejeitam-nova-retirada-de-direitos-apresentada-pela-fenaban","status":"publish","type":"post","link":"https:\/\/hostnetart.com.br\/baixada\/bancari-s-rejeitam-nova-retirada-de-direitos-apresentada-pela-fenaban\/","title":{"rendered":"Banc\u00e1ri@s rejeitam nova retirada de direitos apresentada pela Fenaban"},"content":{"rendered":"<p>A Fenaban voltou a apresentar propostas que retiram direitos da categoria banc\u00e1ria na negocia\u00e7\u00e3o desta quinta-feira (20) com o Comando Nacional\u00a0d@s\u00a0Banc\u00e1ri@s.\u00a0Os representantes dos bancos defenderam desta vez o fim da 13\u00aa cesta alimenta\u00e7\u00e3o e a redu\u00e7\u00e3o da gratifica\u00e7\u00e3o de fun\u00e7\u00e3o. O Comando rejeitou as propostas. Mais uma vez, os bancos n\u00e3o apresentaram nenhuma resposta sobre aumento real ou outras reivindica\u00e7\u00f5es.<\/p>\n<p>Na ter\u00e7a-feira, os representantes da Fenaban apresentaram uma proposta de reduzir em at\u00e9 48% a PLR. Agora, no encontro realizado nesta quinta-feira, o cen\u00e1rio piorou. Os bancos propuseram a retirada de um direito da categoria j\u00e1 conquistado: a 13\u00aa cesta de alimenta\u00e7\u00e3o. Tamb\u00e9m querem reduzir de 55% para 50% o valor da gratifica\u00e7\u00e3o por fun\u00e7\u00e3o, direito estabelecido na Conven\u00e7\u00e3o Coletiva de Trabalho (CCT).<\/p>\n<p>\u201cFoi mais uma negocia\u00e7\u00e3o que os bancos prop\u00f5em retirada de direitos, rejeitada novamente pelo Comando. Avisamos que n\u00e3o vamos aceitar fechar a campanha com preju\u00edzo pros banc\u00e1rios. Temos assembleia marcada para ter\u00e7a-feira, dia 25, \u00e0s 19h. Se insistirem em retirar direitos v\u00e3o jogar a categoria para greve\u201d, afirmou a presidenta da Confedera\u00e7\u00e3o Nacional dos Trabalhadores do Ramo Financeiro (Contraf-CUT), Juvandia Moreira, coordenadora do Comando Nacional\u00a0d@s\u00a0Banc\u00e1rios.<\/p>\n<h2>Perdas<\/h2>\n<p>De acordo com c\u00e1lculos do Dieese, com as propostas apresentadas pela Fenaban na ter\u00e7a-feira (18) e nesta sexta-feira (20), o sal\u00e1rio m\u00e9dio\u00a0d@\u00a0banc\u00e1ri@\u00a0teria uma perda anual de R$ 13.282,57, levando-se em conta as redu\u00e7\u00f5es da gratifica\u00e7\u00e3o por fun\u00e7\u00e3o, a 13\u00aa cesta e a PLR. A expectativa para a reuni\u00e3o desta quinta era de que a Fenaban apresentasse sua proposta econ\u00f4mica, sobre a reivindica\u00e7\u00e3o de aumento real de sal\u00e1rio da categoria.<\/p>\n<p>\u201cCobramos uma proposta global, com reajuste, PLR, Vales, Sa\u00fade e Condi\u00e7\u00f5es de trabalho, emprego\u201d, disse Juvandia. O Comando Nacional da categoria espera que nesta sexta-feira (21), na nova rodada de negocia\u00e7\u00e3o, a Fenaban finalmente apresente suas propostas para a pauta econ\u00f4mica\u00a0d@s\u00a0banc\u00e1rios, definida em uma minuta aprovada em Confer\u00eancia Nacional, no final do m\u00eas passado.<\/p>\n<p>Para a presidenta da Contraf-CUT, a Fenaban se alinha com o governo Bolsonaro na retirada de direitos dos trabalhadores. \u201cSabemos que a pauta de retirar a 13\u00aa cesta vem do governo Bolsonaro, vimos isso nos Correios. Eles jogaram os trabalhadores dos correios para greve. Querem o mesmo dos banc\u00e1rios?\u201d, questionou Juvandia.<\/p>\n<h2>Assembleias<\/h2>\n<p>O Comando Nacional da categoria se reuniu ap\u00f3s a negocia\u00e7\u00e3o desta sexta-feira e, al\u00e9m de rejeitar as propostas dos bancos, vai preparar um calend\u00e1rio de mobiliza\u00e7\u00e3o dos banc\u00e1rios em todo o pa\u00eds, a come\u00e7ar pela prepara\u00e7\u00e3o de assembleias nas bases, marcadas para ter\u00e7a-feira (25).<\/p>\n<h2>Pr\u00f3ximas rodadas de negocia\u00e7\u00e3o:<\/h2>\n<p>\u2022 Dia 21\/08 \u2013 11h<\/p>\n<p>\u2022 Dia 25\/08 \u2013 14h<\/p>\n<p>\u2022 Dia 26\/08 \u2013 14h<\/p>\n<p>\u2022 Dia 27\/08 \u2013 14h<\/p>\n<p>\u2022 Dia 28\/08 \u2013 11h<\/p>\n<p><strong>Fonte: Contraf-CUT<\/strong><\/p>\n","protected":false},"excerpt":{"rendered":"<p>A Fenaban voltou a apresentar propostas que retiram direitos da categoria banc\u00e1ria na negocia\u00e7\u00e3o desta quinta-feira (20) com o Comando Nacional\u00a0d@s\u00a0Banc\u00e1ri@s.\u00a0Os representantes dos bancos defenderam desta vez o fim da 13\u00aa cesta alimenta\u00e7\u00e3o e a redu\u00e7\u00e3o da gratifica\u00e7\u00e3o de fun\u00e7\u00e3o. O Comando rejeitou as propostas. Mais uma vez, os bancos n\u00e3o apresentaram nenhuma resposta sobre [&hellip;]<\/p>\n","protected":false},"author":2,"featured_media":9483,"comment_status":"","ping_status":"","sticky":false,"template":"","format":"standard","meta":{"footnotes":""},"categories":[3],"tags":[],"class_list":["post-9484","post","type-post","status-publish","format-standard","has-post-thumbnail","hentry","category-noticias"],"_links":{"self":[{"href":"https:\/\/hostnetart.com.br\/baixada\/wp-json\/wp\/v2\/posts\/9484","targetHints":{"allow":["GET"]}}],"collection":[{"href":"https:\/\/hostnetart.com.br\/baixada\/wp-json\/wp\/v2\/posts"}],"about":[{"href":"https:\/\/hostnetart.com.br\/baixada\/wp-json\/wp\/v2\/types\/post"}],"author":[{"embeddable":true,"href":"https:\/\/hostnetart.com.br\/baixada\/wp-json\/wp\/v2\/users\/2"}],"replies":[{"embeddable":true,"href":"https:\/\/hostnetart.com.br\/baixada\/wp-json\/wp\/v2\/comments?post=9484"}],"version-history":[{"count":0,"href":"https:\/\/hostnetart.com.br\/baixada\/wp-json\/wp\/v2\/posts\/9484\/revisions"}],"wp:featuredmedia":[{"embeddable":true,"href":"https:\/\/hostnetart.com.br\/baixada\/wp-json\/wp\/v2\/media\/9483"}],"wp:attachment":[{"href":"https:\/\/hostnetart.com.br\/baixada\/wp-json\/wp\/v2\/media?parent=9484"}],"wp:term":[{"taxonomy":"category","embeddable":true,"href":"https:\/\/hostnetart.com.br\/baixada\/wp-json\/wp\/v2\/categories?post=9484"},{"taxonomy":"post_tag","embeddable":true,"href":"https:\/\/hostnetart.com.br\/baixada\/wp-json\/wp\/v2\/tags?post=9484"}],"curies":[{"name":"wp","href":"https:\/\/api.w.org\/{rel}","templated":true}]}}