{"id":947,"date":"2014-04-02T00:00:00","date_gmt":"2014-04-02T03:00:00","guid":{"rendered":"https:\/\/hostnetart.com.br\/baixada\/contraf-cut-discute-fechamento-de-agencias-com-hsbc-nesta-quarta\/"},"modified":"2014-04-02T00:00:00","modified_gmt":"2014-04-02T03:00:00","slug":"contraf-cut-discute-fechamento-de-agencias-com-hsbc-nesta-quarta","status":"publish","type":"post","link":"https:\/\/hostnetart.com.br\/baixada\/contraf-cut-discute-fechamento-de-agencias-com-hsbc-nesta-quarta\/","title":{"rendered":"Contraf-CUT discute fechamento de ag\u00eancias com HSBC nesta quarta"},"content":{"rendered":"<p>A Contraf-CUT se re\u00fane nesta quarta-feira (2), \u00e0s 15h, com o HSBC, no Pal\u00e1cio Avenida, em Curitiba, para discutir o processo de reestrutura\u00e7\u00e3o e fechamento de diversas ag\u00eancias do banco ingl\u00eas no m\u00eas de abril. A negocia\u00e7\u00e3o foi solicitada pela Confedera\u00e7\u00e3o diante da previs\u00e3o de encerramento das atividades dessas unidades j\u00e1 no pr\u00f3ximo dia 12.<\/p>\n<p>O Sindicato dos Banc\u00e1rios de Petr\u00f3polis (RJ) far\u00e1 entrega de um abaixo-assinado de clientes, reivindicando a manuten\u00e7\u00e3o da Ag\u00eancia Posse, que se encontra entre as que o banco anunciou o fechamento.<\/p>\n<p>\u201cEstamos muito preocupados e apreensivos diante das mudan\u00e7as que est\u00e3o em andamento no HSBC, que afetam a atua\u00e7\u00e3o do banco no Brasil e a vida de funcion\u00e1rios e clientes\u201d, afirma Miguel Pereira, secret\u00e1rio de Organiza\u00e7\u00e3o do Ramo Financeiro da Contraf-CUT. \u201cA redu\u00e7\u00e3o de ag\u00eancias enfraquece o banco no mercado e compromete o emprego dos trabalhadores\u201d, aponta.<\/p>\n<p>\u201cPor isso, queremos conhecer exatamente o que est\u00e1 acontecendo na institui\u00e7\u00e3o, buscando principalmente evitar demiss\u00f5es e garantir a realoca\u00e7\u00e3o dos funcion\u00e1rios atingidos pelo processo de fechamento de ag\u00eancias\u201d, salienta o dirigente sindical.<\/p>\n<p><strong>Reuni\u00e3o da COE do HSBC<\/strong><\/p>\n<p>No mesmo dia, \u00e0s 11h, a Contraf-CUT promove uma reuni\u00e3o da Comiss\u00e3o de Organiza\u00e7\u00e3o dos Empregados (COE) do HSBC, na sede da Fetec-CUT\/PR, que fica na Rua XV de Novembro, 270, no centro da capital paranaense. O objetivo \u00e9 preparar os debates com o banco.<\/p>\n<p>Fonte: Contraf-CUT<\/p>\n","protected":false},"excerpt":{"rendered":"<p>A Contraf-CUT se re\u00fane nesta quarta-feira (2), \u00e0s 15h, com o HSBC, no Pal\u00e1cio Avenida, em Curitiba, para discutir o processo de reestrutura\u00e7\u00e3o e fechamento de diversas ag\u00eancias do banco ingl\u00eas no m\u00eas de abril. A negocia\u00e7\u00e3o foi solicitada pela Confedera\u00e7\u00e3o diante da previs\u00e3o de encerramento das atividades dessas unidades j\u00e1 no pr\u00f3ximo dia 12. [&hellip;]<\/p>\n","protected":false},"author":1,"featured_media":0,"comment_status":"","ping_status":"","sticky":false,"template":"","format":"standard","meta":{"footnotes":""},"categories":[3],"tags":[],"class_list":["post-947","post","type-post","status-publish","format-standard","hentry","category-noticias"],"_links":{"self":[{"href":"https:\/\/hostnetart.com.br\/baixada\/wp-json\/wp\/v2\/posts\/947","targetHints":{"allow":["GET"]}}],"collection":[{"href":"https:\/\/hostnetart.com.br\/baixada\/wp-json\/wp\/v2\/posts"}],"about":[{"href":"https:\/\/hostnetart.com.br\/baixada\/wp-json\/wp\/v2\/types\/post"}],"author":[{"embeddable":true,"href":"https:\/\/hostnetart.com.br\/baixada\/wp-json\/wp\/v2\/users\/1"}],"replies":[{"embeddable":true,"href":"https:\/\/hostnetart.com.br\/baixada\/wp-json\/wp\/v2\/comments?post=947"}],"version-history":[{"count":0,"href":"https:\/\/hostnetart.com.br\/baixada\/wp-json\/wp\/v2\/posts\/947\/revisions"}],"wp:attachment":[{"href":"https:\/\/hostnetart.com.br\/baixada\/wp-json\/wp\/v2\/media?parent=947"}],"wp:term":[{"taxonomy":"category","embeddable":true,"href":"https:\/\/hostnetart.com.br\/baixada\/wp-json\/wp\/v2\/categories?post=947"},{"taxonomy":"post_tag","embeddable":true,"href":"https:\/\/hostnetart.com.br\/baixada\/wp-json\/wp\/v2\/tags?post=947"}],"curies":[{"name":"wp","href":"https:\/\/api.w.org\/{rel}","templated":true}]}}