{"id":9466,"date":"2020-08-19T18:53:04","date_gmt":"2020-08-19T21:53:04","guid":{"rendered":"https:\/\/hostnetart.com.br\/baixada\/bndes-veta-representantes-dos-funcionarios-e-negociacao-nao-acontece\/"},"modified":"2020-08-19T18:53:04","modified_gmt":"2020-08-19T21:53:04","slug":"bndes-veta-representantes-dos-funcionarios-e-negociacao-nao-acontece","status":"publish","type":"post","link":"https:\/\/hostnetart.com.br\/baixada\/bndes-veta-representantes-dos-funcionarios-e-negociacao-nao-acontece\/","title":{"rendered":"BNDES veta representantes dos funcion\u00e1rios e negocia\u00e7\u00e3o n\u00e3o acontece"},"content":{"rendered":"<div class=\"elementor-element elementor-element-194680ec elementor-widget elementor-widget-theme-post-content\" data-id=\"194680ec\" data-element_type=\"widget\" data-widget_type=\"theme-post-content.default\">\n<div class=\"elementor-widget-container\">\n<p>A primeira reuni\u00e3o de negocia\u00e7\u00f5es entre o Banco Nacional de Desenvolvimento Econ\u00f4mico e Social (BNDES) e a representa\u00e7\u00e3o dos funcion\u00e1rios, que ocorreria nesta ter\u00e7a-feira (18), a partir das 14h30, n\u00e3o aconteceu.<\/p>\n<p>A administra\u00e7\u00e3o do banco, que controla o acesso do aplicativo de reuni\u00f5es virtuais, n\u00e3o aceitou a entrada na negocia\u00e7\u00e3o de metade da Comiss\u00e3o dos Empregados,\u00a0<a href=\"https:\/\/contrafcut.com.br\/noticias\/bancarios-do-bndes-autorizam-comissao-a-negociar-act\/\" target=\"_blank\" rel=\"noopener noreferrer\">legitimamente homologada<\/a>\u00a0na assembleia que os funcion\u00e1rios realizaram no dia 3 de agosto.<\/p>\n<p>\u201cN\u00e3o podemos aceitar a intransig\u00eancia do banco, que quer escolher quem ser\u00e3o os representantes dos funcion\u00e1rios\u201d, disse o vice-presidente da Confedera\u00e7\u00e3o Nacional dos Trabalhadores do Ramo Financeiro (Contraf-CUT), Vin\u00edcius de Assump\u00e7\u00e3o. \u201cO banco tenta impor algo in\u00e9dito a um processo negocial que tem mais de 35 anos, com um hist\u00f3rico de respeito e di\u00e1logo entre as partes\u201d, completou.<\/p>\n<p>Em nota, a Contraf-CUT, sindicatos e associa\u00e7\u00f5es dos funcion\u00e1rios do sistema BNDES ressalta n\u00e3o haver \u201cd\u00favida sobre a legitimidade da Comiss\u00e3o do Banco, constitu\u00edda por empregados da Casa; mas tamb\u00e9m n\u00e3o aceitamos qualquer inger\u00eancia externa sobre quem representa o corpo funcional benedense\u201d.<\/p>\n<p>A nota lembra ainda que, \u201cnos outros bancos p\u00fablicos, como Banco do Brasil e Caixa, as mesas espec\u00edficas est\u00e3o se realizando com a participa\u00e7\u00e3o dos empregados das institui\u00e7\u00f5es, junto com as representa\u00e7\u00f5es da Confedera\u00e7\u00e3o\u201d e reitera a disposi\u00e7\u00e3o dos trabalhadores para negociar e buscar solu\u00e7\u00f5es para os conflitos por meio do di\u00e1logo.<\/p>\n<p>\u201cRespeitamos a comiss\u00e3o de negocia\u00e7\u00e3o escolhida pelo banco para negociar em nome da institui\u00e7\u00e3o e queremos que a comiss\u00e3o dos trabalhadores tamb\u00e9m seja respeitada\u201d, disse o presidente da Associa\u00e7\u00e3o dos Funcion\u00e1rios do BNDES, Arthur Koblitz.<\/p>\n<p><strong>Leia abaixo a \u00edntegra da nota<\/strong><\/p>\n<p><strong><em>NEGOCIA\u00c7\u00c3O 2020<\/em><\/strong><\/p>\n<h3><em>BNDES tenta impedir processo de Negocia\u00e7\u00e3o!<\/em><\/h3>\n<p><em>A abertura da negocia\u00e7\u00e3o do Acordo Coletivo de Trabalho de 2020 no \u00e2mbito do Sistema BNDES, que come\u00e7aria hoje (18), \u00e0s 14h30, n\u00e3o aconteceu.<\/p>\n<p>A administra\u00e7\u00e3o do Banco, que controla o acesso do aplicativo de reuni\u00f5es virtuais, n\u00e3o aceitou a entrada na negocia\u00e7\u00e3o de metade da Comiss\u00e3o dos Empregados, legitimamente homologada na assembleia do dia 3 de agosto.<\/p>\n<p>A Contraf-CUT e o Sindicato do Banc\u00e1rios do Rio protestaram de forma veemente contra a intransig\u00eancia do BNDES na condu\u00e7\u00e3o do processo, na tentativa de escolher quem vai negociar pelos trabalhadores.<\/p>\n<p>A Contraf-CUT, atrav\u00e9s do seu vice-presidente, Vin\u00edcius de Assump\u00e7\u00e3o, e o Sindicato dos Banc\u00e1rios do Rio de Janeiro, atrav\u00e9s de sua presidenta, Adriana Nalesso, reafirmaram aos representantes do Banco e da Fenaban que a escolha de quem negocia pelos trabalhadores \u00e9 feita pelos pr\u00f3prios trabalhadores.<\/p>\n<p>A dire\u00e7\u00e3o do Banco tenta impor algo in\u00e9dito ao processo negocial do BNDES, que j\u00e1 tem mais de 35 anos e um hist\u00f3rico de respeito e di\u00e1logo entre as partes.<\/p>\n<p>A dire\u00e7\u00e3o do BNDES escolheu sua representa\u00e7\u00e3o, portanto n\u00e3o cabe ao funcionalismo questionar ou vetar a participa\u00e7\u00e3o de qualquer representante do BNDES neste processo negocial.<\/p>\n<p>N\u00e3o temos d\u00favida sobre a legitimidade da Comiss\u00e3o do Banco, constitu\u00edda por empregados da Casa; mas tamb\u00e9m n\u00e3o aceitamos qualquer inger\u00eancia externa sobre quem representa o corpo funcional benedense.<\/p>\n<p>Nos outros bancos p\u00fablicos, como Banco do Brasil e Caixa, as mesas espec\u00edficas est\u00e3o se realizando com a participa\u00e7\u00e3o dos empregados das institui\u00e7\u00f5es, junto com as representa\u00e7\u00f5es da Confedera\u00e7\u00e3o.<\/p>\n<p>O que acontece em toda a categoria tamb\u00e9m vale para o BNDES!<\/p>\n<p>Se a dire\u00e7\u00e3o do Banco n\u00e3o tem propostas para apresentar ao corpo funcional, que seja clara e n\u00e3o use de subterf\u00fagios para impedir que o processo negocial aconte\u00e7a.<\/p>\n<p>Reiteramos a nossa disposi\u00e7\u00e3o de negociar, buscando sempre as solu\u00e7\u00f5es dos conflitos, atrav\u00e9s do di\u00e1logo e na mesa de negocia\u00e7\u00e3o, como sempre foi nossa tradi\u00e7\u00e3o!<\/p>\n<p>Respeitamos a Comiss\u00e3o do Banco e queremos que nossa Comiss\u00e3o seja respeitada.<\/p>\n<p>Defendemos a autonomia da Comiss\u00e3o das Empresas e queremos que nossa autonomia e independ\u00eancia tamb\u00e9m sejam levadas em considera\u00e7\u00e3o.<\/p>\n<p>Queremos uma negocia\u00e7\u00e3o democr\u00e1tica, leal e transparente \u2013 como \u00e9 a tradi\u00e7\u00e3o desta Casa.<\/p>\n<p><strong>Contraf, Sindicatos e Associa\u00e7\u00f5es dos Funcion\u00e1rios do Sistema BNDES<\/strong><\/em><\/p>\n<\/div>\n<\/div>\n<div class=\"elementor-element elementor-element-76b46e1 elementor-widget elementor-widget-post-info\" data-id=\"76b46e1\" data-element_type=\"widget\" data-widget_type=\"post-info.default\">\u00a0<\/div>\n<div class=\"elementor-element elementor-element-76b46e1 elementor-widget elementor-widget-post-info\" data-id=\"76b46e1\" data-element_type=\"widget\" data-widget_type=\"post-info.default\"><span style=\"text-decoration: underline;\">Fonte: Contraf-CUT<\/span><\/div>\n","protected":false},"excerpt":{"rendered":"<p>A primeira reuni\u00e3o de negocia\u00e7\u00f5es entre o Banco Nacional de Desenvolvimento Econ\u00f4mico e Social (BNDES) e a representa\u00e7\u00e3o dos funcion\u00e1rios, que ocorreria nesta ter\u00e7a-feira (18), a partir das 14h30, n\u00e3o aconteceu. A administra\u00e7\u00e3o do banco, que controla o acesso do aplicativo de reuni\u00f5es virtuais, n\u00e3o aceitou a entrada na negocia\u00e7\u00e3o de metade da Comiss\u00e3o dos [&hellip;]<\/p>\n","protected":false},"author":2,"featured_media":9465,"comment_status":"","ping_status":"","sticky":false,"template":"","format":"standard","meta":{"footnotes":""},"categories":[3],"tags":[],"class_list":["post-9466","post","type-post","status-publish","format-standard","has-post-thumbnail","hentry","category-noticias"],"_links":{"self":[{"href":"https:\/\/hostnetart.com.br\/baixada\/wp-json\/wp\/v2\/posts\/9466","targetHints":{"allow":["GET"]}}],"collection":[{"href":"https:\/\/hostnetart.com.br\/baixada\/wp-json\/wp\/v2\/posts"}],"about":[{"href":"https:\/\/hostnetart.com.br\/baixada\/wp-json\/wp\/v2\/types\/post"}],"author":[{"embeddable":true,"href":"https:\/\/hostnetart.com.br\/baixada\/wp-json\/wp\/v2\/users\/2"}],"replies":[{"embeddable":true,"href":"https:\/\/hostnetart.com.br\/baixada\/wp-json\/wp\/v2\/comments?post=9466"}],"version-history":[{"count":0,"href":"https:\/\/hostnetart.com.br\/baixada\/wp-json\/wp\/v2\/posts\/9466\/revisions"}],"wp:featuredmedia":[{"embeddable":true,"href":"https:\/\/hostnetart.com.br\/baixada\/wp-json\/wp\/v2\/media\/9465"}],"wp:attachment":[{"href":"https:\/\/hostnetart.com.br\/baixada\/wp-json\/wp\/v2\/media?parent=9466"}],"wp:term":[{"taxonomy":"category","embeddable":true,"href":"https:\/\/hostnetart.com.br\/baixada\/wp-json\/wp\/v2\/categories?post=9466"},{"taxonomy":"post_tag","embeddable":true,"href":"https:\/\/hostnetart.com.br\/baixada\/wp-json\/wp\/v2\/tags?post=9466"}],"curies":[{"name":"wp","href":"https:\/\/api.w.org\/{rel}","templated":true}]}}