{"id":9462,"date":"2020-08-19T11:17:13","date_gmt":"2020-08-19T14:17:13","guid":{"rendered":"https:\/\/hostnetart.com.br\/baixada\/fenaban-quer-reduzir-em-ate-48-a-plr-d-s-bancari-s\/"},"modified":"2020-08-19T11:17:13","modified_gmt":"2020-08-19T14:17:13","slug":"fenaban-quer-reduzir-em-ate-48-a-plr-d-s-bancari-s","status":"publish","type":"post","link":"https:\/\/hostnetart.com.br\/baixada\/fenaban-quer-reduzir-em-ate-48-a-plr-d-s-bancari-s\/","title":{"rendered":"Fenaban quer reduzir em at\u00e9 48% a PLR d@s banc\u00e1ri@s"},"content":{"rendered":"<p>O Comando Nacional\u00a0d@s\u00a0Banc\u00e1ri@s\u00a0rejeitou a proposta apresentada nesta ter\u00e7a-feira (18) pelos representantes da Federa\u00e7\u00e3o Nacional dos Bancos (Fenaban) de reduzir a Participa\u00e7\u00e3o nos Lucros e Resultados (PLR) da categoria. Com a queda do lucro l\u00edquido dos bancos, a PLR dos banc\u00e1rios j\u00e1 teria uma redu\u00e7\u00e3o de at\u00e9 25%. A proposta da Fenaban faz essa redu\u00e7\u00e3o chegar a at\u00e9 48% (veja abaixo a tabela com as redu\u00e7\u00f5es da PLR por faixas salariais nos tr\u00eas maiores bancos privados).<\/p>\n<p>A redu\u00e7\u00e3o da PLR proposta pelos bancos significaria um retrocesso aos patamares de 1995, quando a PLR foi negociada em acordo pela primeira vez. \u201cA conjuntura deste ano j\u00e1 reduziu em 25% a PLR\u00a0d@s\u00a0banc\u00e1ri@s.\u00a0Com essa proposta, as perdas chegam a quase metade da PLR. \u00c9 completamente inaceit\u00e1vel.\u201d, afirmou a presidenta da Confedera\u00e7\u00e3o Nacional dos Trabalhadores do Ramo Financeiro (Contraf-CUT), Juvandia Moreira, coordenadora do Comando Nacional.<\/p>\n<p>Para Juvandia, os bancos deveriam ter uma postura oposta, de compensar a redu\u00e7\u00e3o de 25% na PLR determinada pela queda nos lucros e socorrer a categoria banc\u00e1ria nessa pandemia. \u201cS\u00e3o trabalhadores que est\u00e3o na linha de frente, para atender a popula\u00e7\u00e3o, arriscando suas vidas e a de seus familiares, completou a presidenta da Contraf-CUT.<\/p>\n<h2>Redu\u00e7\u00f5es na PLR<\/h2>\n<p>A proposta da Fenaban reduz de 7,2% para 7% o limite m\u00ednimo de distribui\u00e7\u00e3o do lucro l\u00edquido no primeiro semestre em exerc\u00edcio. As redu\u00e7\u00f5es n\u00e3o param. A antecipa\u00e7\u00e3o atual \u00e9 de 54% do sal\u00e1rio, mais fixo de R$ 1,474,38, com limite individual de R$ 7.909,30. Na proposta dos bancos, ficaria em 43,2% do sal\u00e1rio, mais fixo de R$ 1.179,50, com limite individual de R$ 6.327,44.<\/p>\n<p>A regra b\u00e1sica da PLR anual tem atualmente 90% do sal\u00e1rio mais fixo de R$ 2.457,29, com limite individual de R$ 13.182,18. Pela proposta da Fenaban, cairia para 72% do sal\u00e1rio mais fixo de R$ 1.965,50, com limite individual de R$ 10.545,74.<\/p>\n<p>Outras perdas tamb\u00e9m foram apresentadas na reuni\u00e3o. O percentual da parcela adicional, por exemplo, retornaria ao patamar de 2012. Os valores fixos teriam redu\u00e7\u00e3o de 20%, retornando ao patamar entre 2014 e 2015. O acelerador da regra b\u00e1sica retornaria ao patamar de 2007.<\/p>\n<p>A Fenaban tamb\u00e9m faz ajustes na reda\u00e7\u00e3o na base de c\u00e1lculo para o sal\u00e1rio base acrescido das verbas fixas de natureza salarial. A mudan\u00e7a, no entanto, afeta banc\u00e1ri@s\u00a0de v\u00e1rios estados onde os bancos pagam gratifica\u00e7\u00e3o semestral. Nesses estados, as perdas chegariam perto de 50%. \u201cNesse caso, seria uma redu\u00e7\u00e3o ainda maior porque os bancos j\u00e1 aplicam tabelas salariais diferentes nessas regi\u00f5es\u201d, observou Juvandia.<\/p>\n<h2>Proposta incompleta<\/h2>\n<p>Outro problema levantado na reuni\u00e3o desta quinta-feira (18) foi o fato de a Fenaban ter apresentado apenas uma proposta incompleta diante das reivindica\u00e7\u00f5es da categoria. Os representantes dos bancos preferiram discutir apenas PLR, deixando de lado pontos como aumento real de sal\u00e1rio, emprego, sa\u00fade e contrata\u00e7\u00e3o do teletrabalho. \u201c\u00c9 importante ter uma vis\u00e3o do quadro como um todo. Cobramos proposta global para a pr\u00f3xima rodada nesta quinta-feira, com garantia de todos os direitos e aumento real\u201d, afirmou a presidenta da Contraf-CUT.<\/p>\n<p>Os representantes da Fenaban se comprometeram a apresentar o restante de suas propostas para a negocia\u00e7\u00e3o na pr\u00f3xima reuni\u00e3o, marcada para quinta-feira (20). \u201c@s\u00a0bancari@s\u00a0v\u00e3o ficar muito\u00a0insatisfeit@s\u00a0pois chegamos a essa negocia\u00e7\u00e3o e recebemos dos bancos uma proposta que reduz a quase metade a PLR. Vai frustrar bastante a categoria\u201d, avaliou Juvandia Moreira.<\/p>\n<p class=\"has-text-align-center\"><strong>Tabela das redu\u00e7\u00f5es da PLR pela proposta da Fenaban por faixas salariais no Bradesco, Ita\u00fa e Santander)<\/strong><\/p>\n<figure class=\"wp-block-image size-large is-resized\"><img fetchpriority=\"high\" decoding=\"async\" class=\"wp-image-282774 lazyloaded\" src=\"https:\/\/contrafcut.com.br\/wp-content\/uploads\/2020\/08\/image.png?x27450\" sizes=\"(max-width: 737px) 100vw, 737px\" srcset=\"https:\/\/contrafcut.com.br\/wp-content\/uploads\/2020\/08\/image.png 421w, https:\/\/contrafcut.com.br\/wp-content\/uploads\/2020\/08\/image-371x230.png 371w\" alt=\"\" width=\"737\" height=\"457\" data-lazy-srcset=\"https:\/\/contrafcut.com.br\/wp-content\/uploads\/2020\/08\/image.png 421w, https:\/\/contrafcut.com.br\/wp-content\/uploads\/2020\/08\/image-371x230.png 371w\" data-lazy-sizes=\"(max-width: 737px) 100vw, 737px\" data-lazy-src=\"https:\/\/contrafcut.com.br\/wp-content\/uploads\/2020\/08\/image.png?x27450\" data-was-processed=\"true\" \/><\/figure>\n<figure class=\"wp-block-image size-large is-resized\"><img decoding=\"async\" class=\"wp-image-282775 lazyloaded\" src=\"https:\/\/contrafcut.com.br\/wp-content\/uploads\/2020\/08\/image-1.png?x27450\" sizes=\"(max-width: 742px) 100vw, 742px\" srcset=\"https:\/\/contrafcut.com.br\/wp-content\/uploads\/2020\/08\/image-1.png 421w, https:\/\/contrafcut.com.br\/wp-content\/uploads\/2020\/08\/image-1-402x230.png 402w\" alt=\"\" width=\"742\" height=\"426\" data-lazy-srcset=\"https:\/\/contrafcut.com.br\/wp-content\/uploads\/2020\/08\/image-1.png 421w, https:\/\/contrafcut.com.br\/wp-content\/uploads\/2020\/08\/image-1-402x230.png 402w\" data-lazy-sizes=\"(max-width: 742px) 100vw, 742px\" data-lazy-src=\"https:\/\/contrafcut.com.br\/wp-content\/uploads\/2020\/08\/image-1.png?x27450\" data-was-processed=\"true\" \/><\/figure>\n<p><strong>Fonte: Contraf-CUT<\/strong><\/p>\n","protected":false},"excerpt":{"rendered":"<p>O Comando Nacional\u00a0d@s\u00a0Banc\u00e1ri@s\u00a0rejeitou a proposta apresentada nesta ter\u00e7a-feira (18) pelos representantes da Federa\u00e7\u00e3o Nacional dos Bancos (Fenaban) de reduzir a Participa\u00e7\u00e3o nos Lucros e Resultados (PLR) da categoria. Com a queda do lucro l\u00edquido dos bancos, a PLR dos banc\u00e1rios j\u00e1 teria uma redu\u00e7\u00e3o de at\u00e9 25%. A proposta da Fenaban faz essa redu\u00e7\u00e3o chegar [&hellip;]<\/p>\n","protected":false},"author":2,"featured_media":9461,"comment_status":"","ping_status":"","sticky":false,"template":"","format":"standard","meta":{"footnotes":""},"categories":[3],"tags":[],"class_list":["post-9462","post","type-post","status-publish","format-standard","has-post-thumbnail","hentry","category-noticias"],"_links":{"self":[{"href":"https:\/\/hostnetart.com.br\/baixada\/wp-json\/wp\/v2\/posts\/9462","targetHints":{"allow":["GET"]}}],"collection":[{"href":"https:\/\/hostnetart.com.br\/baixada\/wp-json\/wp\/v2\/posts"}],"about":[{"href":"https:\/\/hostnetart.com.br\/baixada\/wp-json\/wp\/v2\/types\/post"}],"author":[{"embeddable":true,"href":"https:\/\/hostnetart.com.br\/baixada\/wp-json\/wp\/v2\/users\/2"}],"replies":[{"embeddable":true,"href":"https:\/\/hostnetart.com.br\/baixada\/wp-json\/wp\/v2\/comments?post=9462"}],"version-history":[{"count":0,"href":"https:\/\/hostnetart.com.br\/baixada\/wp-json\/wp\/v2\/posts\/9462\/revisions"}],"wp:featuredmedia":[{"embeddable":true,"href":"https:\/\/hostnetart.com.br\/baixada\/wp-json\/wp\/v2\/media\/9461"}],"wp:attachment":[{"href":"https:\/\/hostnetart.com.br\/baixada\/wp-json\/wp\/v2\/media?parent=9462"}],"wp:term":[{"taxonomy":"category","embeddable":true,"href":"https:\/\/hostnetart.com.br\/baixada\/wp-json\/wp\/v2\/categories?post=9462"},{"taxonomy":"post_tag","embeddable":true,"href":"https:\/\/hostnetart.com.br\/baixada\/wp-json\/wp\/v2\/tags?post=9462"}],"curies":[{"name":"wp","href":"https:\/\/api.w.org\/{rel}","templated":true}]}}