{"id":9460,"date":"2020-08-19T11:16:03","date_gmt":"2020-08-19T14:16:03","guid":{"rendered":"https:\/\/hostnetart.com.br\/baixada\/cee-caixa-defende-saude-caixa-para-todos\/"},"modified":"2020-08-19T11:16:03","modified_gmt":"2020-08-19T14:16:03","slug":"cee-caixa-defende-saude-caixa-para-todos","status":"publish","type":"post","link":"https:\/\/hostnetart.com.br\/baixada\/cee-caixa-defende-saude-caixa-para-todos\/","title":{"rendered":"CEE\/Caixa defende Sa\u00fade Caixa para todos"},"content":{"rendered":"<p>A Comiss\u00e3o Executiva dos Empregados da Caixa (CEE\/Caixa) volta a se reunir com a dire\u00e7\u00e3o da Caixa Econ\u00f4mica Federal, \u00e0s 10h, nesta quarta-feira (19), por videoconfer\u00eancia, para a quarta reuni\u00e3o de negocia\u00e7\u00e3o do Acordo Coletivo de Trabalho (ACT). Desta vez, a pauta ser\u00e1 Sa\u00fade Caixa. Resultado de um longo processo de mobiliza\u00e7\u00e3o e luta dos empregados, o Sa\u00fade Caixa est\u00e1 sendo alvo de ataques da dire\u00e7\u00e3o da Caixa e do Governo Federal. A reivindica\u00e7\u00e3o \u00e9 pelo Sa\u00fade Caixa Para Todos com sustentabilidade.<\/p>\n<p>Durante a negocia\u00e7\u00e3o, os empregados devem participar do tuita\u00e7o com as hashtags #SaudeCaixaParaTodos #MexeuComACaixaMexeuComOBrasil #NaLutaComVoc\u00ea. \u201cA mobiliza\u00e7\u00e3o \u00e9 fundamental para defender os direitos e os benef\u00edcios de sa\u00fade, principalmente neste momento de pandemia. O Sa\u00fade Caixa sustent\u00e1vel e para todos \u00e9 fundamental para a sustentabilidade do nosso plano\u201d, afirmou a coordenadora da CEE\/Caixa e secret\u00e1ria da Cultura da Confedera\u00e7\u00e3o Nacional dos Trabalhadores do Ramo Financeiro (Contraf-CUT), Fabiana Uehara Proscholdt.<\/p>\n<p>O Sa\u00fade Caixa \u00e9 fruto de muita mobiliza\u00e7\u00e3o e se consolidou como direito dos trabalhadores da Caixa no Acordo Coletivo desde 2004. Os custos administrativos s\u00e3o bancados pela Caixa, que arca tamb\u00e9m com 70% dos custos de sa\u00fade. Os empregados arcam com os 30% restantes por meio de mensalidade (2% do sal\u00e1rio) + 20% de coparticipa\u00e7\u00e3o nos procedimentos, com teto de R$ 2.400 anuais. Uma consultoria contratada pela pr\u00f3pria Caixa aponta que a participa\u00e7\u00e3o do banco no custeio do plano de sa\u00fade dos trabalhadores ser\u00e1 reduzida de 70% para 40,4%, em 2024. Por outro lado, 57% dos custos do Sa\u00fade Caixa se referem exclusivamente aos titulares, enquanto 28% s\u00e3o dos c\u00f4njuges e 13% por conta dos filhos, que na grande maioria est\u00e3o nas faixas et\u00e1rias mais baixas e com menores \u00edndices de utiliza\u00e7\u00e3o de servi\u00e7os de sa\u00fade. O maior grupo et\u00e1rio no Sa\u00fade Caixa \u00e9 justamente o dos usu\u00e1rios entre 0 e 18 anos, que re\u00fane 60 mil indiv\u00edduos ou 21% do n\u00famero total.<\/p>\n<p>Al\u00e9m do aumento do valor m\u00e9dio do desconto do Sa\u00fade Caixa no contracheque dos trabalhadores, dos atuais R$ 423 para R$ 1600 em 2024, como prev\u00ea a consultoria contratada pela Caixa, outra medida que o banco quer implementar \u00e9 a cobran\u00e7a por dependente. A ado\u00e7\u00e3o da nova regra pode significar a sa\u00edda de milhares de usu\u00e1rios do plano por n\u00e3o terem condi\u00e7\u00f5es de pagar. A Caixa prop\u00f5e a altera\u00e7\u00e3o mesmo diante do super\u00e1vit de R$ 500 milh\u00f5es acumulado at\u00e9 2019, condi\u00e7\u00e3o que demonstra a sustentabilidade do modelo de custeio atual.<\/p>\n<p>A gest\u00e3o da Caixa coloca a individualiza\u00e7\u00e3o da cobran\u00e7a por dependente como condi\u00e7\u00e3o para a inclus\u00e3o dos novos contratados no Sa\u00fade Caixa, deixando claro que, se o novo modelo de cobran\u00e7a n\u00e3o for aceito pelos empregados, continuar\u00e1 a discriminar os cerca de tr\u00eas mil contratados ap\u00f3s 31\/08\/2018.<\/p>\n<p>A Caixa alega seguir orienta\u00e7\u00e3o do governo federal contidas na resolu\u00e7\u00e3o CGPAR 23, que recomenda \u00e0s estatais federais reduzir o investimento na assist\u00eancia \u00e0 sa\u00fade de seus empregados e aposentados. Com as medidas que j\u00e1 est\u00e3o em curso, a participa\u00e7\u00e3o do banco no custeio do plano de sa\u00fade sair\u00e1 dos atuais 70% para 40,4%, em 2024, segundo as estimativas adotadas pelo pr\u00f3prio banco. Com isso, os usu\u00e1rios passar\u00e3o a arcar com 59,6% no lugar dos 30% custeados desde 2004. J\u00e1 em 2021, os usu\u00e1rios sentir\u00e3o a diferen\u00e7a, quando a propor\u00e7\u00e3o do custeio chegar a 50,3% para os trabalhadores e 49,7% para a Caixa.<\/p>\n<p><strong>Fonte: Contraf-CUT<\/strong><\/p>\n","protected":false},"excerpt":{"rendered":"<p>A Comiss\u00e3o Executiva dos Empregados da Caixa (CEE\/Caixa) volta a se reunir com a dire\u00e7\u00e3o da Caixa Econ\u00f4mica Federal, \u00e0s 10h, nesta quarta-feira (19), por videoconfer\u00eancia, para a quarta reuni\u00e3o de negocia\u00e7\u00e3o do Acordo Coletivo de Trabalho (ACT). Desta vez, a pauta ser\u00e1 Sa\u00fade Caixa. Resultado de um longo processo de mobiliza\u00e7\u00e3o e luta dos [&hellip;]<\/p>\n","protected":false},"author":2,"featured_media":9459,"comment_status":"","ping_status":"","sticky":false,"template":"","format":"standard","meta":{"footnotes":""},"categories":[8],"tags":[],"class_list":["post-9460","post","type-post","status-publish","format-standard","has-post-thumbnail","hentry","category-bancarios"],"_links":{"self":[{"href":"https:\/\/hostnetart.com.br\/baixada\/wp-json\/wp\/v2\/posts\/9460","targetHints":{"allow":["GET"]}}],"collection":[{"href":"https:\/\/hostnetart.com.br\/baixada\/wp-json\/wp\/v2\/posts"}],"about":[{"href":"https:\/\/hostnetart.com.br\/baixada\/wp-json\/wp\/v2\/types\/post"}],"author":[{"embeddable":true,"href":"https:\/\/hostnetart.com.br\/baixada\/wp-json\/wp\/v2\/users\/2"}],"replies":[{"embeddable":true,"href":"https:\/\/hostnetart.com.br\/baixada\/wp-json\/wp\/v2\/comments?post=9460"}],"version-history":[{"count":0,"href":"https:\/\/hostnetart.com.br\/baixada\/wp-json\/wp\/v2\/posts\/9460\/revisions"}],"wp:featuredmedia":[{"embeddable":true,"href":"https:\/\/hostnetart.com.br\/baixada\/wp-json\/wp\/v2\/media\/9459"}],"wp:attachment":[{"href":"https:\/\/hostnetart.com.br\/baixada\/wp-json\/wp\/v2\/media?parent=9460"}],"wp:term":[{"taxonomy":"category","embeddable":true,"href":"https:\/\/hostnetart.com.br\/baixada\/wp-json\/wp\/v2\/categories?post=9460"},{"taxonomy":"post_tag","embeddable":true,"href":"https:\/\/hostnetart.com.br\/baixada\/wp-json\/wp\/v2\/tags?post=9460"}],"curies":[{"name":"wp","href":"https:\/\/api.w.org\/{rel}","templated":true}]}}