{"id":9458,"date":"2020-08-19T11:14:00","date_gmt":"2020-08-19T14:14:00","guid":{"rendered":"https:\/\/hostnetart.com.br\/baixada\/mobilizacao-digital-pode-garantir-manutencao-e-conquistas-de-direitos\/"},"modified":"2020-08-19T11:14:00","modified_gmt":"2020-08-19T14:14:00","slug":"mobilizacao-digital-pode-garantir-manutencao-e-conquistas-de-direitos","status":"publish","type":"post","link":"https:\/\/hostnetart.com.br\/baixada\/mobilizacao-digital-pode-garantir-manutencao-e-conquistas-de-direitos\/","title":{"rendered":"Mobiliza\u00e7\u00e3o digital pode garantir manuten\u00e7\u00e3o e conquistas de direitos"},"content":{"rendered":"<p>A mobiliza\u00e7\u00e3o dos empregados da Caixa \u00e9 fundamental para garantir a manuten\u00e7\u00e3o e novas de direitos na Campanha Nacional dos Banc\u00e1rios 2020, que \u2013 devido \u00e0 pandemia de coronav\u00edrus (Covd-19) \u2013 est\u00e1 sendo realizada, pela primeira vez na hist\u00f3ria, de forma virtual. Assim como j\u00e1 foram realizadas as confer\u00eancias estaduais e regionais e a 22\u00aa Confer\u00eancia Nacional dos Banc\u00e1rios, bem como os encontros por bancos, entre eles o 36\u00ba Congressos Nacional dos Empregados da Caixa, que definiram a pauta de reivindica\u00e7\u00f5es dos trabalhadores.<\/p>\n<p>As mesas de negocia\u00e7\u00e3o entre a Comiss\u00e3o Executiva dos Empregados da Caixa (CEE\/ Caixa) e a Caixa est\u00e3o sendo realizadas por videoconfer\u00eancia. \u201cNossa mobiliza\u00e7\u00e3o tamb\u00e9m deve ser digital. \u00c9 necess\u00e1rio que os colegas intensifiquem o uso da tecnologia a favor da nossa categoria. Nos dias das reuni\u00f5es devemos usar nossas redes com as hashtags criadas pela Contraf-CUT, para pressionar os bancos a atender nossas reivindica\u00e7\u00f5es\u201d, convocou a coordenadora da CEE\/Caixa e secret\u00e1ria da Cultura da Confedera\u00e7\u00e3o Nacional dos Trabalhadores do Ramo Financeiro (Contraf-CUT), Fabiana Uehara Proscholdt.<\/p>\n<p>\u201c\u00c9 importante lembrar que os direitos dos banc\u00e1rios n\u00e3o foram dados e sim conquistados com muita organiza\u00e7\u00e3o e luta\u201d, completou Fabiana, ao listar algumas conquistas dos \u00faltimos dez anos.<\/p>\n<ul>\n<li>A Participa\u00e7\u00e3o nos lucros e Resultados (PLR), por exemplo, antes se chamava PRX e era paga apenas aos que trabalhavam em unidades que cumpriam as metas. Era menor para os que trabalhavam em \u00e1reas meio.<\/li>\n<li>PLR Social \u2013 parcela de 4% do Lucro L\u00edquido \u2013 distribu\u00eddo com valor igual para todos os empregados \u00e9 outra dessas<\/li>\n<li>Cesta-Alimenta\u00e7\u00e3o;<\/li>\n<li>D\u00e9cima Terceira cesta-alimenta\u00e7\u00e3o;<\/li>\n<li>Reajustes acima do INPC; (tivemos anos de reajuste 0%, nos anos 90)<\/li>\n<li>Unifica\u00e7\u00e3o do PCS at\u00e9 n\u00edvel 48, em 2008. Com interst\u00edcio de 2,3% entre cada n\u00edvel; conquista de 1 n\u00edvel a cada dois anos trabalhados e at\u00e9 dois n\u00edveis por ano, por avalia\u00e7\u00e3o. (os colegas admitidos antes de 1998 tinham PCS at\u00e9 n\u00edvel 95\u2026e os admitidos p\u00f3s 98 tinham apenas 15 n\u00edveis);<\/li>\n<li>Plano de Fun\u00e7\u00f5es Gratificadas (PFG), que valorizou as fun\u00e7\u00f5es, em 2010;<\/li>\n<li>Sa\u00fade Caixa com mensalidade de 2% do sal\u00e1rio. Antes era um valor fixo, e ficava muito caro para os menores sal\u00e1rios;<\/li>\n<li>Readmiss\u00e3o de colegas demitidos pela RH 008, em 2006. Metade dos demitidos foram recontratados. (Outros haviam perdido a\u00e7\u00f5es judiciais em \u00faltima inst\u00e2ncia ou n\u00e3o tiveram interesse em voltar);<\/li>\n<li>Contrata\u00e7\u00e3o de empregados: havia 55 mil empregados concursados em dezembro de 2003, chegamos a 101 mil em dezembro de 2014.<\/li>\n<li>Jornada de 6 horas;<\/li>\n<li>D\u00e9cimo terceiro sal\u00e1rio;<\/li>\n<li>Cesta-alimenta\u00e7\u00e3o;<\/li>\n<li>N\u00e3o trabalhar aos s\u00e1bados;<\/li>\n<li>Caixa contribuir com at\u00e9 12% para a Funcef;<\/li>\n<li>APIPs;<\/li>\n<li>PCS;<\/li>\n<li>Plano da carreira profissional;<\/li>\n<li>Reajuste Salarial acima do INPC;<\/li>\n<\/ul>\n<p>\u201cTodas essas s\u00e3o conquistas das nossas campanhas salariais, vit\u00f3ria das lutas dos empregados. Precisamos de resist\u00eancia, disposi\u00e7\u00e3o para a luta e unidade para evitar perdas de direitos. A participa\u00e7\u00e3o de cada colega faz diferen\u00e7a na nossa mobiliza\u00e7\u00e3o, inclusive virtual\u201d, finalizou a coordenadora da CEE\/ Caixa.<\/p>\n<p><strong>Fonte: Contraf-CUT<\/strong><\/p>\n","protected":false},"excerpt":{"rendered":"<p>A mobiliza\u00e7\u00e3o dos empregados da Caixa \u00e9 fundamental para garantir a manuten\u00e7\u00e3o e novas de direitos na Campanha Nacional dos Banc\u00e1rios 2020, que \u2013 devido \u00e0 pandemia de coronav\u00edrus (Covd-19) \u2013 est\u00e1 sendo realizada, pela primeira vez na hist\u00f3ria, de forma virtual. Assim como j\u00e1 foram realizadas as confer\u00eancias estaduais e regionais e a 22\u00aa [&hellip;]<\/p>\n","protected":false},"author":2,"featured_media":9457,"comment_status":"","ping_status":"","sticky":false,"template":"","format":"standard","meta":{"footnotes":""},"categories":[3],"tags":[],"class_list":["post-9458","post","type-post","status-publish","format-standard","has-post-thumbnail","hentry","category-noticias"],"_links":{"self":[{"href":"https:\/\/hostnetart.com.br\/baixada\/wp-json\/wp\/v2\/posts\/9458","targetHints":{"allow":["GET"]}}],"collection":[{"href":"https:\/\/hostnetart.com.br\/baixada\/wp-json\/wp\/v2\/posts"}],"about":[{"href":"https:\/\/hostnetart.com.br\/baixada\/wp-json\/wp\/v2\/types\/post"}],"author":[{"embeddable":true,"href":"https:\/\/hostnetart.com.br\/baixada\/wp-json\/wp\/v2\/users\/2"}],"replies":[{"embeddable":true,"href":"https:\/\/hostnetart.com.br\/baixada\/wp-json\/wp\/v2\/comments?post=9458"}],"version-history":[{"count":0,"href":"https:\/\/hostnetart.com.br\/baixada\/wp-json\/wp\/v2\/posts\/9458\/revisions"}],"wp:featuredmedia":[{"embeddable":true,"href":"https:\/\/hostnetart.com.br\/baixada\/wp-json\/wp\/v2\/media\/9457"}],"wp:attachment":[{"href":"https:\/\/hostnetart.com.br\/baixada\/wp-json\/wp\/v2\/media?parent=9458"}],"wp:term":[{"taxonomy":"category","embeddable":true,"href":"https:\/\/hostnetart.com.br\/baixada\/wp-json\/wp\/v2\/categories?post=9458"},{"taxonomy":"post_tag","embeddable":true,"href":"https:\/\/hostnetart.com.br\/baixada\/wp-json\/wp\/v2\/tags?post=9458"}],"curies":[{"name":"wp","href":"https:\/\/api.w.org\/{rel}","templated":true}]}}