{"id":9454,"date":"2020-08-18T12:01:08","date_gmt":"2020-08-18T15:01:08","guid":{"rendered":"https:\/\/hostnetart.com.br\/baixada\/banco-do-brasil-traz-mais-propostas-para-retirada-de-direitos\/"},"modified":"2020-08-18T12:01:08","modified_gmt":"2020-08-18T15:01:08","slug":"banco-do-brasil-traz-mais-propostas-para-retirada-de-direitos","status":"publish","type":"post","link":"https:\/\/hostnetart.com.br\/baixada\/banco-do-brasil-traz-mais-propostas-para-retirada-de-direitos\/","title":{"rendered":"Banco do Brasil traz mais propostas para retirada de direitos"},"content":{"rendered":"<p>Depois de apresentar uma proposta para redu\u00e7\u00e3o do per\u00edodo de avalia\u00e7\u00e3o para retirada de comiss\u00e3o de fun\u00e7\u00e3o, com o consequente rebaixamento de sal\u00e1rios, na reuni\u00e3o desta segunda-feira (17) com a Comiss\u00e3o de Empresa dos Funcion\u00e1rios do Banco do Brasil (CEBB), o banco trouxe mais quatro propostas que podem trazer preju\u00edzos aos funcion\u00e1rios: a proibi\u00e7\u00e3o da acumula\u00e7\u00e3o e venda dos cinco dias de folga a que o funcion\u00e1rio tem direito a cada ano; o fim do descanso de 10 minutos a cada hora para os funcion\u00e1rios do autoatendimento; o registro de ponto do intervalo de 30 minutos para almo\u00e7o; e a implanta\u00e7\u00e3o do ponto eletr\u00f4nico para os funcion\u00e1rios do BB Seguridade, BBDTVM e outras subsidi\u00e1rias do banco.<\/p>\n<p>\u201cO banco est\u00e1 nos trazendo a pauta do governo Bolsonaro, que quer rebaixar sal\u00e1rios e reduzir direitos de todos os trabalhadores de empresas estatais, inclusive dos bancos p\u00fablicos\u201d, avaliou o coordenador da Comiss\u00e3o de Empresa dos Funcion\u00e1rios do Banco do Brasil (CEBB), Jo\u00e3o Fukunaga. \u201cSe nas cl\u00e1usulas sociais est\u00e1 deste jeito, podemos esperar algo ainda pior das negocia\u00e7\u00f5es das cl\u00e1usulas econ\u00f4micas, na mesa \u00fanica de negocia\u00e7\u00f5es com a Fenaban (Federa\u00e7\u00e3o Nacional dos Bancos)\u201d, completou.<\/p>\n<h3>S\u00f3 a luta te garante<\/h3>\n<p>O coordenador na CEBB ressaltou a import\u00e2ncia da mobiliza\u00e7\u00e3o e participa\u00e7\u00e3o da categoria nas a\u00e7\u00f5es para pressionar os bancos. \u201cOs banc\u00e1rios t\u00eam a consci\u00eancia de que precisam participar das atividades para pressionar os bancos. O que eles talvez ainda n\u00e3o tenham se dado conta \u00e9 que, neste ano, as atividades n\u00e3o s\u00e3o presenciais, n\u00e3o est\u00e3o relacionadas ao fechamento de ag\u00eancias e departamentos. A luta vai ser toda por meio da atua\u00e7\u00e3o nas redes sociais\u201d, ressaltou. \u201cOs banc\u00e1rios precisam atuar, nem que seja por meio de um perfil secund\u00e1rio, para conseguirem manter seus direitos, seu emprego e sua renda\u201d, disse.<\/p>\n<p>Fukunaga disse que a CEBB vai se reunir, mais uma vez para avaliar as formas de mobilizar os funcion\u00e1rios para lutar contra as propostas que retiram direitos dos trabalhadores.<\/p>\n<p><strong>Fonte: Contraf-CUT<\/strong><\/p>\n","protected":false},"excerpt":{"rendered":"<p>Depois de apresentar uma proposta para redu\u00e7\u00e3o do per\u00edodo de avalia\u00e7\u00e3o para retirada de comiss\u00e3o de fun\u00e7\u00e3o, com o consequente rebaixamento de sal\u00e1rios, na reuni\u00e3o desta segunda-feira (17) com a Comiss\u00e3o de Empresa dos Funcion\u00e1rios do Banco do Brasil (CEBB), o banco trouxe mais quatro propostas que podem trazer preju\u00edzos aos funcion\u00e1rios: a proibi\u00e7\u00e3o da [&hellip;]<\/p>\n","protected":false},"author":2,"featured_media":9453,"comment_status":"","ping_status":"","sticky":false,"template":"","format":"standard","meta":{"footnotes":""},"categories":[3],"tags":[],"class_list":["post-9454","post","type-post","status-publish","format-standard","has-post-thumbnail","hentry","category-noticias"],"_links":{"self":[{"href":"https:\/\/hostnetart.com.br\/baixada\/wp-json\/wp\/v2\/posts\/9454","targetHints":{"allow":["GET"]}}],"collection":[{"href":"https:\/\/hostnetart.com.br\/baixada\/wp-json\/wp\/v2\/posts"}],"about":[{"href":"https:\/\/hostnetart.com.br\/baixada\/wp-json\/wp\/v2\/types\/post"}],"author":[{"embeddable":true,"href":"https:\/\/hostnetart.com.br\/baixada\/wp-json\/wp\/v2\/users\/2"}],"replies":[{"embeddable":true,"href":"https:\/\/hostnetart.com.br\/baixada\/wp-json\/wp\/v2\/comments?post=9454"}],"version-history":[{"count":0,"href":"https:\/\/hostnetart.com.br\/baixada\/wp-json\/wp\/v2\/posts\/9454\/revisions"}],"wp:featuredmedia":[{"embeddable":true,"href":"https:\/\/hostnetart.com.br\/baixada\/wp-json\/wp\/v2\/media\/9453"}],"wp:attachment":[{"href":"https:\/\/hostnetart.com.br\/baixada\/wp-json\/wp\/v2\/media?parent=9454"}],"wp:term":[{"taxonomy":"category","embeddable":true,"href":"https:\/\/hostnetart.com.br\/baixada\/wp-json\/wp\/v2\/categories?post=9454"},{"taxonomy":"post_tag","embeddable":true,"href":"https:\/\/hostnetart.com.br\/baixada\/wp-json\/wp\/v2\/tags?post=9454"}],"curies":[{"name":"wp","href":"https:\/\/api.w.org\/{rel}","templated":true}]}}