{"id":9452,"date":"2020-08-18T11:53:28","date_gmt":"2020-08-18T14:53:28","guid":{"rendered":"https:\/\/hostnetart.com.br\/baixada\/mesa-de-negociacao-com-caixa-tem-poucos-avancos-no-tema-igualdade-de-oportunidade-e-clausulas-sociais\/"},"modified":"2020-08-18T11:53:28","modified_gmt":"2020-08-18T14:53:28","slug":"mesa-de-negociacao-com-caixa-tem-poucos-avancos-no-tema-igualdade-de-oportunidade-e-clausulas-sociais","status":"publish","type":"post","link":"https:\/\/hostnetart.com.br\/baixada\/mesa-de-negociacao-com-caixa-tem-poucos-avancos-no-tema-igualdade-de-oportunidade-e-clausulas-sociais\/","title":{"rendered":"Mesa de negocia\u00e7\u00e3o com Caixa tem poucos avan\u00e7os no tema igualdade de oportunidade e cl\u00e1usulas sociais"},"content":{"rendered":"<p>Igualdade de oportunidade e cl\u00e1usulas sociais foram os temas da terceira reuni\u00e3o da Comiss\u00e3o Executiva dos Empregados da Caixa (CEE\/Caixa) com a Caixa Econ\u00f4mica Federal, nesta segunda-feira (17), por videoconfer\u00eancia. No encontro, que faz parte da agenda da Campanha Nacional 2020, os representantes dos empregados cobraram menores taxas para os empr\u00e9stimos, cr\u00e9ditos, a continua\u00e7\u00e3o da isen\u00e7\u00e3o de tarifas, o respeito \u00e0 jornada, manuten\u00e7\u00e3o da PLR Social e a\u00e7\u00f5es mais efetivas para as pessoas com defici\u00eancia (PcD). A CEE refor\u00e7ou a pauta de manter as cl\u00e1usulas sociais, e no que se aplicar, extensiva aos aposentados. A Caixa n\u00e3o trouxe propostas sobre o tema.<\/p>\n<p>Segundo a Caixa, cerca de 44% dos empregados do banco p\u00fablico s\u00e3o mulheres, pouco mais de 37 mil trabalhadoras. Os representantes dos empregados destacaram a necessidade de as a\u00e7\u00f5es serem constru\u00eddas em conjunto com o movimento sindical, que t\u00eam acesso direto ao que acontece com as banc\u00e1rias no dia a dia. A Caixa apresentou as a\u00e7\u00f5es que tem feito para reduzir a desigualdade dentro da empresa, como o incentivo \u00e0 lideran\u00e7a das mulheres e implementa\u00e7\u00f5es de a\u00e7\u00f5es de combate \u00e0 viol\u00eancia contra a mulher. A comiss\u00e3o dos trabalhadores refor\u00e7ou que essas medidas tenham a participa\u00e7\u00e3o do movimento sindical uma vez que \u00e9 uma pauta de luta.<\/p>\n<p>\u201cAs a\u00e7\u00f5es s\u00e3o muito importantes para n\u00f3s mulheres. A reivindica\u00e7\u00e3o \u00e9 que as mulheres possam ocupar todos os espa\u00e7os. Refor\u00e7amos que seria importante a participa\u00e7\u00e3o do movimento sindical nessa constru\u00e7\u00e3o. Lembramos tamb\u00e9m que em governos passados \u00e9 que esse assunto veio \u00e0 tona. Tamb\u00e9m cobramos o canal de den\u00fancias para as empregadas fruto do aditivo que a Caixa assinou junto \u00e0 Contraf-CUT\u201d, avaliou coordenadora da CEE\/Caixa e secret\u00e1ria da Cultura da Confedera\u00e7\u00e3o Nacional dos Trabalhadores do Ramo Financeiro (Contraf-CUT), Fabiana Uehara Proscholdt.<\/p>\n<p>Ainda no tema igualdade de oportunidades, a Comiss\u00e3o refor\u00e7ou as demandas que est\u00e3o na minuta para PcDs. De acordo com Fabiana, muitos trabalhadores ainda sofrem discrimina\u00e7\u00e3o ou n\u00e3o tem todas as condi\u00e7\u00f5es necess\u00e1rias para desempenhar suas atividades nas \u00e1reas em que foram colocados. Atualmente, s\u00e3o 3.464 trabalhadores PcDs na Caixa, 1.800 deles contratados em 2019 gra\u00e7as \u00e0 a\u00e7\u00e3o judicial das entidades que obrigou a contrata\u00e7\u00e3o.<\/p>\n<p>A Caixa apresentou dados do projeto Banco da Inclus\u00e3o, que resultou a\u00e7\u00f5es como a adapta\u00e7\u00e3o da softwares e mapeamentos dos empregados PcDs, por exemplo. \u201cA pauta que colocamos na minuta foi feita em cima da constru\u00e7\u00e3o dos colegas. Se a Caixa tem projetos, faz a constru\u00e7\u00e3o, isso n\u00e3o est\u00e1 chegando para os colegas PcDs. H\u00e1 muitas reclama\u00e7\u00f5es de que n\u00e3o h\u00e1 equipe que faz acompanhamento, n\u00e3o existe debates sobre as necessidades dos trabalhadores e eles sentem muita discrimina\u00e7\u00e3o no espa\u00e7o em que foram colocados. A Caixa precisa fazer mais do que est\u00e1 fazendo hoje pelos colegas PcDs\u201d, afirmou Fabiana. O banco reconheceu que precisa avan\u00e7ar nessa pauta em especial na comunica\u00e7\u00e3o chegar para todos os empregados.<\/p>\n<p>Assuntos como racismo e homofobia foram deixados de lado pela Caixa. \u201cEstamos em uma mesa de negocia\u00e7\u00e3o e precisamos ser objetivos. Falta na apresenta\u00e7\u00e3o de igualdade e oportunidade dois itens importantes: racismo e homofobia. Precisamos debater esses dois temas dentro da Caixa. A maioria dos clientes s\u00e3o negros e precisamos ter esse debate n\u00e3o apenas para dentro da empresa, mas para construir uma empatia desses companheiros com o enfrentamento ao racismo\u201d, ressaltou Emanoel Souza de Jesus (FEEB-BA\/SE).<\/p>\n<p>A CEE destacou ainda a demora da Caixa ao aderir ao censo da diversidade, e que a ades\u00e3o \u00e0s respostas foi baixa. O banco n\u00e3o informou se houve comunica\u00e7\u00e3o para evitar a baixa ades\u00e3o.<\/p>\n<h3>Metas<\/h3>\n<p>Outra cobran\u00e7a importante feita pela Comiss\u00e3o foi que a Caixa deixe de cobrar as metas enquanto perdurar a pandemia. Mesmo com a contamina\u00e7\u00e3o crescente no pa\u00eds, a Caixa ainda est\u00e1 cobrando metas dos empregados. \u201cTodos est\u00e3o exaustos. Os trabalhadores precisam de respostas\u201d, afirmou a coordenadora da Comiss\u00e3o.<\/p>\n<h3>Sa\u00fade Caixa e PLR<\/h3>\n<p>Uma nova reuni\u00e3o foi marcada para o dia 19\/08 para tratar do Sa\u00fade Caixa. A demanda foi cobrada na \u00faltima reuni\u00e3o. Outro item importante cobrado foi a manuten\u00e7\u00e3o da PLR Social nos moldes atuais.<\/p>\n<p>A Caixa alegou dificuldades com a Secretaria de Coordena\u00e7\u00e3o e Governan\u00e7a das Empresas Estatais (Sest) para manter a PLR no formato conquistado e mantido pelos empregados nos \u00faltimos anos. O banco afirmou que deve trabalhar para trazer propostas aos empregados sobre os dois temas.<\/p>\n<h3>Higieniza\u00e7\u00e3o<\/h3>\n<p>A Comiss\u00e3o voltou a cobrar a limpeza completa e efetiva das unidades em casos de cont\u00e1gio ou suspeita da Covid-19. A aplica\u00e7\u00e3o do protocolo n\u00e3o tem sido feita de forma homog\u00eanea em todas as unidades, o que mostra que a comunica\u00e7\u00e3o institucional da Caixa n\u00e3o chega \u00e0s chefias.<\/p>\n<h3>Avan\u00e7os das reivindica\u00e7\u00f5es<\/h3>\n<p>As negocia\u00e7\u00f5es t\u00eam resultado em melhorias para os empregados. Para todos os avan\u00e7os, a Caixa se comprometeu a comunicar amplamente para todos os empregados.<\/p>\n<ul>\n<li>Jornada de trabalho: a Caixa atendeu nossa reivindica\u00e7\u00e3o e reduziu em uma hora o hor\u00e1rio de atendimento das ag\u00eancias.<\/li>\n<li>Rod\u00edzio: O rod\u00edzio est\u00e1 mantido e n\u00e3o h\u00e1 nenhuma diretriz para que acabe. O banco reconheceu que esse sistema \u00e9 essencial para a prote\u00e7\u00e3o da sa\u00fade dos empregados. A Caixa tamb\u00e9m informou que os SEVs t\u00eam autonomia de realocar os empregados entre as unidades para garantir o rod\u00edzio, e ser\u00e3o orientados a atuar neste sentido.<\/li>\n<li>Vigilantes e Recepcionistas: O contrato com os vigilantes foi ampliado. 2.270 vigilantes est\u00e3o \u00e0 disposi\u00e7\u00e3o das unidades. Outras 373 recepcionistas est\u00e3o tamb\u00e9m no quadro.<\/li>\n<\/ul>\n<p>A Caixa respondeu que n\u00e3o pode intervir junto aos terceirizados, mas tem conversado com as empresas para que estas fa\u00e7am as devidas a\u00e7\u00f5es de prote\u00e7\u00e3o bem como o servi\u00e7o permane\u00e7a sendo prestado.<\/p>\n<p><strong>Fonte: Contraf-CUT<\/strong><\/p>\n","protected":false},"excerpt":{"rendered":"<p>Igualdade de oportunidade e cl\u00e1usulas sociais foram os temas da terceira reuni\u00e3o da Comiss\u00e3o Executiva dos Empregados da Caixa (CEE\/Caixa) com a Caixa Econ\u00f4mica Federal, nesta segunda-feira (17), por videoconfer\u00eancia. No encontro, que faz parte da agenda da Campanha Nacional 2020, os representantes dos empregados cobraram menores taxas para os empr\u00e9stimos, cr\u00e9ditos, a continua\u00e7\u00e3o da [&hellip;]<\/p>\n","protected":false},"author":2,"featured_media":9451,"comment_status":"","ping_status":"","sticky":false,"template":"","format":"standard","meta":{"footnotes":""},"categories":[3],"tags":[],"class_list":["post-9452","post","type-post","status-publish","format-standard","has-post-thumbnail","hentry","category-noticias"],"_links":{"self":[{"href":"https:\/\/hostnetart.com.br\/baixada\/wp-json\/wp\/v2\/posts\/9452","targetHints":{"allow":["GET"]}}],"collection":[{"href":"https:\/\/hostnetart.com.br\/baixada\/wp-json\/wp\/v2\/posts"}],"about":[{"href":"https:\/\/hostnetart.com.br\/baixada\/wp-json\/wp\/v2\/types\/post"}],"author":[{"embeddable":true,"href":"https:\/\/hostnetart.com.br\/baixada\/wp-json\/wp\/v2\/users\/2"}],"replies":[{"embeddable":true,"href":"https:\/\/hostnetart.com.br\/baixada\/wp-json\/wp\/v2\/comments?post=9452"}],"version-history":[{"count":0,"href":"https:\/\/hostnetart.com.br\/baixada\/wp-json\/wp\/v2\/posts\/9452\/revisions"}],"wp:featuredmedia":[{"embeddable":true,"href":"https:\/\/hostnetart.com.br\/baixada\/wp-json\/wp\/v2\/media\/9451"}],"wp:attachment":[{"href":"https:\/\/hostnetart.com.br\/baixada\/wp-json\/wp\/v2\/media?parent=9452"}],"wp:term":[{"taxonomy":"category","embeddable":true,"href":"https:\/\/hostnetart.com.br\/baixada\/wp-json\/wp\/v2\/categories?post=9452"},{"taxonomy":"post_tag","embeddable":true,"href":"https:\/\/hostnetart.com.br\/baixada\/wp-json\/wp\/v2\/tags?post=9452"}],"curies":[{"name":"wp","href":"https:\/\/api.w.org\/{rel}","templated":true}]}}